{"id":1038,"date":"2017-03-23T21:46:19","date_gmt":"2017-03-23T20:46:19","guid":{"rendered":"http:\/\/quelaines-stemarie.fr\/?p=1038"},"modified":"2017-03-29T16:17:53","modified_gmt":"2017-03-29T15:17:53","slug":"le-gaspillage-alimentaire","status":"publish","type":"post","link":"http:\/\/quelaines-stemarie.fr\/index.php\/2017\/03\/23\/le-gaspillage-alimentaire\/","title":{"rendered":"Le gaspillage alimentaire"},"content":{"rendered":"<p>Le gaspillage alimentaire<\/p>\n<p>Mardi 7 mars, Lisenn est venue nous parler du gaspillage alimentaire. Elle travaille \u00e0 la Communaut\u00e9 de Communes.<\/p>\n<p>Il existe plusieurs sortes de d\u00e9chets :<\/p>\n<ul>\n<li>les d\u00e9chets recyclables<\/li>\n<li>les d\u00e9chets biod\u00e9gradables<\/li>\n<li>les d\u00e9chets dangereux<\/li>\n<li>les ordures m\u00e9nag\u00e8res<\/li>\n<\/ul>\n<p>En France, 153 kg de d\u00e9chets sont jet\u00e9s par an et par personne.<\/p>\n<p>Nous avons r\u00e9parti la classe en plusieurs groupes. Chaque groupe repr\u00e9sentait un continent. On a observ\u00e9 que c&#8217;\u00e9taient les pays les plus pauvres qui gaspillaient le moins. Pour eux la nourriture est pr\u00e9cieuse.<\/p>\n<p>Ensuite, Lisenn nous a montr\u00e9 toutes les \u00e9tapes pour faire du jus de pommes. Nous avons remarqu\u00e9 qu&#8217;il faut beaucoup d&#8217;\u00e9tapes pour sa fabrication. Si on gaspille, ce n&#8217;est pas seulement le produit qu&#8217;on g\u00e2che, mais c&#8217;est le travail de celui qui l&#8217;a fabriqu\u00e9. On pollue aussi la plan\u00e8te pour rien car beaucoup de produits sont import\u00e9s.<\/p>\n<p>Apr\u00e8s, des personnes \u00e2g\u00e9es ainsi que la directrice du Foyer Logement sont venues nous expliquer comment elles faisaient pour ne pas gaspiller. Petites, elles \u00e9taient habitu\u00e9es \u00e0 ne pas gaspiller. Il n&#8217;y avait pas d&#8217;importations de leur temps. Elles cultivaient des l\u00e9gumes dans leur jardin et elles mangeaient leur production. S\u2019il y en avait trop, elles les vendaient au march\u00e9. Leur nourriture \u00e9tait pr\u00e9cieuse car elle \u00e9tait produite par eux.<\/p>\n<p>Nous remercions Lisenn ainsi que toutes les personnes \u00e2g\u00e9es d&#8217;\u00eatre venues et de nous avoir appris beaucoup de choses.<\/p>\n<p>Valentine Bachelin-Brasseur, Candice Pouteau.<\/p>\n<p>&nbsp;<\/p>\n<p><img loading=\"lazy\" decoding=\"async\" class=\"alignnone size-medium wp-image-987\" src=\"http:\/\/quelaines-stemarie.fr\/wp-content\/uploads\/IMG_0414-300x225.jpg\" alt=\"\" width=\"300\" height=\"225\" srcset=\"http:\/\/quelaines-stemarie.fr\/wp-content\/uploads\/IMG_0414-300x225.jpg 300w, http:\/\/quelaines-stemarie.fr\/wp-content\/uploads\/IMG_0414-768x576.jpg 768w, http:\/\/quelaines-stemarie.fr\/wp-content\/uploads\/IMG_0414-1024x768.jpg 1024w, http:\/\/quelaines-stemarie.fr\/wp-content\/uploads\/IMG_0414-200x150.jpg 200w, http:\/\/quelaines-stemarie.fr\/wp-content\/uploads\/IMG_0414-150x113.jpg 150w\" sizes=\"auto, (max-width: 300px) 100vw, 300px\" \/>\u00a0 \u00a0<img loading=\"lazy\" decoding=\"async\" class=\"alignnone size-medium wp-image-986\" src=\"http:\/\/quelaines-stemarie.fr\/wp-content\/uploads\/IMG_0413-e1490301463197-225x300.jpg\" alt=\"\" width=\"225\" height=\"300\" srcset=\"http:\/\/quelaines-stemarie.fr\/wp-content\/uploads\/IMG_0413-e1490301463197-225x300.jpg 225w, http:\/\/quelaines-stemarie.fr\/wp-content\/uploads\/IMG_0413-e1490301463197-768x1024.jpg 768w, http:\/\/quelaines-stemarie.fr\/wp-content\/uploads\/IMG_0413-e1490301463197-113x150.jpg 113w\" sizes=\"auto, (max-width: 225px) 100vw, 225px\" \/>\u00a0 \u00a0<img loading=\"lazy\" decoding=\"async\" class=\"alignnone size-medium wp-image-985\" src=\"http:\/\/quelaines-stemarie.fr\/wp-content\/uploads\/IMG_0415-300x225.jpg\" alt=\"\" width=\"300\" height=\"225\" srcset=\"http:\/\/quelaines-stemarie.fr\/wp-content\/uploads\/IMG_0415-300x225.jpg 300w, http:\/\/quelaines-stemarie.fr\/wp-content\/uploads\/IMG_0415-768x576.jpg 768w, http:\/\/quelaines-stemarie.fr\/wp-content\/uploads\/IMG_0415-1024x768.jpg 1024w, http:\/\/quelaines-stemarie.fr\/wp-content\/uploads\/IMG_0415-200x150.jpg 200w, http:\/\/quelaines-stemarie.fr\/wp-content\/uploads\/IMG_0415-150x113.jpg 150w\" sizes=\"auto, (max-width: 300px) 100vw, 300px\" \/><\/p>\n<p>Lisenn Mingant est revenue le mardi 21 mars. Avec elle, nous avons r\u00e9fl\u00e9chi \u00e0 des actions \u00e0 mettre en place au restaurant scolaire afin de limiter le gaspillage. L\u2019objectif sera de sensibiliser les autres \u00e9l\u00e8ves de l&#8217;\u00e9cole et, plus largement, les Quelainais. La t\u00e2che n&#8217;est pas facile, mais indispensable. Et nos CM1-CM2 sont motiv\u00e9s !!!<\/p>\n<p>&nbsp;<\/p>\n","protected":false},"excerpt":{"rendered":"<p>Le gaspillage alimentaire Mardi 7 mars, Lisenn est venue nous parler du gaspillage alimentaire. Elle travaille \u00e0 la Communaut\u00e9 de Communes. Il existe plusieurs sortes de d\u00e9chets : les d\u00e9chets recyclables les d\u00e9chets biod\u00e9gradables les d\u00e9chets dangereux les ordures m\u00e9nag\u00e8res En France, 153 kg de d\u00e9chets sont jet\u00e9s par an\u2026<\/p>\n<p class=\"continue-reading-button\"> <a class=\"continue-reading-link\" href=\"http:\/\/quelaines-stemarie.fr\/index.php\/2017\/03\/23\/le-gaspillage-alimentaire\/\">Lire la suite&#8230;<i class=\"crycon-right-dir\"><\/i><\/a><\/p>\n","protected":false},"author":5,"featured_media":0,"comment_status":"closed","ping_status":"closed","sticky":false,"template":"","format":"standard","meta":{"footnotes":""},"categories":[10,59],"tags":[],"class_list":["post-1038","post","type-post","status-publish","format-standard","hentry","category-cat-actualites","category-cat-cm1cm2-2016"],"_links":{"self":[{"href":"http:\/\/quelaines-stemarie.fr\/index.php\/wp-json\/wp\/v2\/posts\/1038","targetHints":{"allow":["GET"]}}],"collection":[{"href":"http:\/\/quelaines-stemarie.fr\/index.php\/wp-json\/wp\/v2\/posts"}],"about":[{"href":"http:\/\/quelaines-stemarie.fr\/index.php\/wp-json\/wp\/v2\/types\/post"}],"author":[{"embeddable":true,"href":"http:\/\/quelaines-stemarie.fr\/index.php\/wp-json\/wp\/v2\/users\/5"}],"replies":[{"embeddable":true,"href":"http:\/\/quelaines-stemarie.fr\/index.php\/wp-json\/wp\/v2\/comments?post=1038"}],"version-history":[{"count":3,"href":"http:\/\/quelaines-stemarie.fr\/index.php\/wp-json\/wp\/v2\/posts\/1038\/revisions"}],"predecessor-version":[{"id":1099,"href":"http:\/\/quelaines-stemarie.fr\/index.php\/wp-json\/wp\/v2\/posts\/1038\/revisions\/1099"}],"wp:attachment":[{"href":"http:\/\/quelaines-stemarie.fr\/index.php\/wp-json\/wp\/v2\/media?parent=1038"}],"wp:term":[{"taxonomy":"category","embeddable":true,"href":"http:\/\/quelaines-stemarie.fr\/index.php\/wp-json\/wp\/v2\/categories?post=1038"},{"taxonomy":"post_tag","embeddable":true,"href":"http:\/\/quelaines-stemarie.fr\/index.php\/wp-json\/wp\/v2\/tags?post=1038"}],"curies":[{"name":"wp","href":"https:\/\/api.w.org\/{rel}","templated":true}]}}