{"id":10549,"date":"2024-04-05T07:24:10","date_gmt":"2024-04-05T06:24:10","guid":{"rendered":"https:\/\/quelaines-stemarie.fr\/?p=10549"},"modified":"2024-04-05T07:24:11","modified_gmt":"2024-04-05T06:24:11","slug":"temoignages-de-quelainais-sur-la-liberation","status":"publish","type":"post","link":"http:\/\/quelaines-stemarie.fr\/index.php\/2024\/04\/05\/temoignages-de-quelainais-sur-la-liberation\/","title":{"rendered":"T\u00e9moignages de Quelainais sur la Lib\u00e9ration"},"content":{"rendered":"\n<p>Jeudi 4 avril, les \u00e9l\u00e8ves de CM1 et CM2 ont rencontr\u00e9 des Quelainais t\u00e9moins de la 2de Guerre Mondiale et de la lib\u00e9ration de Quelaines Saint-Gault en 1944. Ces personnes \u00e9taient enfants \u00e0 l&#8217;\u00e9poque et leurs souvenirs sont ceux d&#8217;enfants, ce qui a marqu\u00e9 nos \u00e9l\u00e8ves. Ce devoir de m\u00e9moire est tr\u00e8s important, un des t\u00e9moins a conclu les \u00e9changes en disant aux enfants : &#8220;C&#8217;est du pass\u00e9, il ne faut pas oublier le pass\u00e9. C&#8217;est l&#8217;histoire, c&#8217;est notre histoire&#8221;.<\/p>\n\n\n\n<figure class=\"wp-block-gallery has-nested-images columns-default is-cropped wp-block-gallery-1 is-layout-flex wp-block-gallery-is-layout-flex\">\n<figure class=\"wp-block-image size-large\"><img loading=\"lazy\" decoding=\"async\" width=\"1024\" height=\"768\" data-id=\"10554\" src=\"https:\/\/quelaines-stemarie.fr\/wp-content\/uploads\/IMG_3085-1024x768.jpeg\" alt=\"\" class=\"wp-image-10554\" srcset=\"http:\/\/quelaines-stemarie.fr\/wp-content\/uploads\/IMG_3085-1024x768.jpeg 1024w, http:\/\/quelaines-stemarie.fr\/wp-content\/uploads\/IMG_3085-300x225.jpeg 300w, http:\/\/quelaines-stemarie.fr\/wp-content\/uploads\/IMG_3085-768x576.jpeg 768w, http:\/\/quelaines-stemarie.fr\/wp-content\/uploads\/IMG_3085-1536x1152.jpeg 1536w, http:\/\/quelaines-stemarie.fr\/wp-content\/uploads\/IMG_3085-150x113.jpeg 150w, http:\/\/quelaines-stemarie.fr\/wp-content\/uploads\/IMG_3085.jpeg 2048w\" sizes=\"auto, (max-width: 1024px) 100vw, 1024px\" \/><\/figure>\n\n\n\n<figure class=\"wp-block-image size-large\"><img loading=\"lazy\" decoding=\"async\" width=\"1024\" height=\"768\" data-id=\"10551\" src=\"https:\/\/quelaines-stemarie.fr\/wp-content\/uploads\/IMG_3087-1024x768.jpeg\" alt=\"\" class=\"wp-image-10551\" srcset=\"http:\/\/quelaines-stemarie.fr\/wp-content\/uploads\/IMG_3087-1024x768.jpeg 1024w, http:\/\/quelaines-stemarie.fr\/wp-content\/uploads\/IMG_3087-300x225.jpeg 300w, http:\/\/quelaines-stemarie.fr\/wp-content\/uploads\/IMG_3087-768x576.jpeg 768w, http:\/\/quelaines-stemarie.fr\/wp-content\/uploads\/IMG_3087-1536x1152.jpeg 1536w, http:\/\/quelaines-stemarie.fr\/wp-content\/uploads\/IMG_3087-150x113.jpeg 150w, http:\/\/quelaines-stemarie.fr\/wp-content\/uploads\/IMG_3087.jpeg 2048w\" sizes=\"auto, (max-width: 1024px) 100vw, 1024px\" \/><\/figure>\n\n\n\n<figure class=\"wp-block-image size-large\"><img loading=\"lazy\" decoding=\"async\" width=\"768\" height=\"1024\" data-id=\"10552\" src=\"https:\/\/quelaines-stemarie.fr\/wp-content\/uploads\/IMG_3088-768x1024.jpeg\" alt=\"\" class=\"wp-image-10552\" srcset=\"http:\/\/quelaines-stemarie.fr\/wp-content\/uploads\/IMG_3088-768x1024.jpeg 768w, http:\/\/quelaines-stemarie.fr\/wp-content\/uploads\/IMG_3088-225x300.jpeg 225w, http:\/\/quelaines-stemarie.fr\/wp-content\/uploads\/IMG_3088-1152x1536.jpeg 1152w, http:\/\/quelaines-stemarie.fr\/wp-content\/uploads\/IMG_3088-113x150.jpeg 113w, http:\/\/quelaines-stemarie.fr\/wp-content\/uploads\/IMG_3088.jpeg 1536w\" sizes=\"auto, (max-width: 768px) 100vw, 768px\" \/><\/figure>\n\n\n\n<figure class=\"wp-block-image size-large\"><img loading=\"lazy\" decoding=\"async\" width=\"768\" height=\"1024\" data-id=\"10550\" src=\"https:\/\/quelaines-stemarie.fr\/wp-content\/uploads\/IMG_3104-4-768x1024.jpeg\" alt=\"\" class=\"wp-image-10550\" srcset=\"http:\/\/quelaines-stemarie.fr\/wp-content\/uploads\/IMG_3104-4-768x1024.jpeg 768w, http:\/\/quelaines-stemarie.fr\/wp-content\/uploads\/IMG_3104-4-225x300.jpeg 225w, http:\/\/quelaines-stemarie.fr\/wp-content\/uploads\/IMG_3104-4-1152x1536.jpeg 1152w, http:\/\/quelaines-stemarie.fr\/wp-content\/uploads\/IMG_3104-4-113x150.jpeg 113w, http:\/\/quelaines-stemarie.fr\/wp-content\/uploads\/IMG_3104-4.jpeg 1536w\" sizes=\"auto, (max-width: 768px) 100vw, 768px\" \/><\/figure>\n\n\n\n<figure class=\"wp-block-image size-large\"><img loading=\"lazy\" decoding=\"async\" width=\"1024\" height=\"768\" data-id=\"10553\" src=\"https:\/\/quelaines-stemarie.fr\/wp-content\/uploads\/IMG_3105-1024x768.jpeg\" alt=\"\" class=\"wp-image-10553\" srcset=\"http:\/\/quelaines-stemarie.fr\/wp-content\/uploads\/IMG_3105-1024x768.jpeg 1024w, http:\/\/quelaines-stemarie.fr\/wp-content\/uploads\/IMG_3105-300x225.jpeg 300w, http:\/\/quelaines-stemarie.fr\/wp-content\/uploads\/IMG_3105-768x576.jpeg 768w, http:\/\/quelaines-stemarie.fr\/wp-content\/uploads\/IMG_3105-1536x1152.jpeg 1536w, http:\/\/quelaines-stemarie.fr\/wp-content\/uploads\/IMG_3105-150x113.jpeg 150w, http:\/\/quelaines-stemarie.fr\/wp-content\/uploads\/IMG_3105.jpeg 2048w\" sizes=\"auto, (max-width: 1024px) 100vw, 1024px\" \/><\/figure>\n<\/figure>\n","protected":false},"excerpt":{"rendered":"<p>Jeudi 4 avril, les \u00e9l\u00e8ves de CM1 et CM2 ont rencontr\u00e9 des Quelainais t\u00e9moins de la 2de Guerre Mondiale et de la lib\u00e9ration de Quelaines Saint-Gault en 1944. Ces personnes \u00e9taient enfants \u00e0 l&#8217;\u00e9poque et leurs souvenirs sont ceux d&#8217;enfants, ce qui a marqu\u00e9 nos \u00e9l\u00e8ves. Ce devoir de m\u00e9moire\u2026<\/p>\n<p class=\"continue-reading-button\"> <a class=\"continue-reading-link\" href=\"http:\/\/quelaines-stemarie.fr\/index.php\/2024\/04\/05\/temoignages-de-quelainais-sur-la-liberation\/\">Lire la suite&#8230;<i class=\"crycon-right-dir\"><\/i><\/a><\/p>\n","protected":false},"author":5,"featured_media":10552,"comment_status":"closed","ping_status":"closed","sticky":false,"template":"","format":"standard","meta":{"footnotes":""},"categories":[10,94,59],"tags":[],"class_list":["post-10549","post","type-post","status-publish","format-standard","has-post-thumbnail","hentry","category-cat-actualites","category-ce1-ce2","category-cat-cm1cm2-2016"],"_links":{"self":[{"href":"http:\/\/quelaines-stemarie.fr\/index.php\/wp-json\/wp\/v2\/posts\/10549","targetHints":{"allow":["GET"]}}],"collection":[{"href":"http:\/\/quelaines-stemarie.fr\/index.php\/wp-json\/wp\/v2\/posts"}],"about":[{"href":"http:\/\/quelaines-stemarie.fr\/index.php\/wp-json\/wp\/v2\/types\/post"}],"author":[{"embeddable":true,"href":"http:\/\/quelaines-stemarie.fr\/index.php\/wp-json\/wp\/v2\/users\/5"}],"replies":[{"embeddable":true,"href":"http:\/\/quelaines-stemarie.fr\/index.php\/wp-json\/wp\/v2\/comments?post=10549"}],"version-history":[{"count":1,"href":"http:\/\/quelaines-stemarie.fr\/index.php\/wp-json\/wp\/v2\/posts\/10549\/revisions"}],"predecessor-version":[{"id":10555,"href":"http:\/\/quelaines-stemarie.fr\/index.php\/wp-json\/wp\/v2\/posts\/10549\/revisions\/10555"}],"wp:featuredmedia":[{"embeddable":true,"href":"http:\/\/quelaines-stemarie.fr\/index.php\/wp-json\/wp\/v2\/media\/10552"}],"wp:attachment":[{"href":"http:\/\/quelaines-stemarie.fr\/index.php\/wp-json\/wp\/v2\/media?parent=10549"}],"wp:term":[{"taxonomy":"category","embeddable":true,"href":"http:\/\/quelaines-stemarie.fr\/index.php\/wp-json\/wp\/v2\/categories?post=10549"},{"taxonomy":"post_tag","embeddable":true,"href":"http:\/\/quelaines-stemarie.fr\/index.php\/wp-json\/wp\/v2\/tags?post=10549"}],"curies":[{"name":"wp","href":"https:\/\/api.w.org\/{rel}","templated":true}]}}