{"id":1700,"date":"2017-10-30T19:05:46","date_gmt":"2017-10-30T18:05:46","guid":{"rendered":"http:\/\/quelaines-stemarie.fr\/?p=1700"},"modified":"2017-10-30T19:05:46","modified_gmt":"2017-10-30T18:05:46","slug":"semaine-du-gout-2","status":"publish","type":"post","link":"http:\/\/quelaines-stemarie.fr\/index.php\/2017\/10\/30\/semaine-du-gout-2\/","title":{"rendered":"Semaine du go\u00fbt"},"content":{"rendered":"<p>Pour la semaine du go\u00fbt, nous avons pr\u00e9par\u00e9 des petits toasts ap\u00e9ritifs sal\u00e9s pour tous les \u00e9l\u00e8ves de l&#8217;\u00e9cole.<\/p>\n<p>Voici les ingr\u00e9dients de la recette :<\/p>\n<ul>\n<li>des galettes de bl\u00e9 ou de ma\u00efs<\/li>\n<li>du thon \u00e0 l&#8217;huile de tournesol (\u00e0 \u00e9goutter l\u00e9g\u00e9rement)<\/li>\n<li>du fromage frais (type Saint Mor\u00eat)<\/li>\n<li>possibilit\u00e9 de rajouter de la ciboulette et\/ou des \u00e9chalotes \u00e9minc\u00e9es.<\/li>\n<\/ul>\n<p>Une recette appr\u00e9ci\u00e9e par (presque) tous les enfants et facilement r\u00e9alisable en autonomie par les petites mains, profitez-en !<\/p>\n<p><img loading=\"lazy\" decoding=\"async\" class=\"alignnone size-medium wp-image-1698\" src=\"http:\/\/quelaines-stemarie.fr\/wp-content\/uploads\/IMG_2019-300x225.jpg\" alt=\"\" width=\"300\" height=\"225\" srcset=\"http:\/\/quelaines-stemarie.fr\/wp-content\/uploads\/IMG_2019-300x225.jpg 300w, http:\/\/quelaines-stemarie.fr\/wp-content\/uploads\/IMG_2019-768x576.jpg 768w, http:\/\/quelaines-stemarie.fr\/wp-content\/uploads\/IMG_2019-1024x768.jpg 1024w, http:\/\/quelaines-stemarie.fr\/wp-content\/uploads\/IMG_2019-150x113.jpg 150w, http:\/\/quelaines-stemarie.fr\/wp-content\/uploads\/IMG_2019.jpg 1632w\" sizes=\"auto, (max-width: 300px) 100vw, 300px\" \/> <img loading=\"lazy\" decoding=\"async\" class=\"alignnone size-medium wp-image-1697\" src=\"http:\/\/quelaines-stemarie.fr\/wp-content\/uploads\/IMG_2018-300x225.jpg\" alt=\"\" width=\"300\" height=\"225\" srcset=\"http:\/\/quelaines-stemarie.fr\/wp-content\/uploads\/IMG_2018-300x225.jpg 300w, http:\/\/quelaines-stemarie.fr\/wp-content\/uploads\/IMG_2018-768x576.jpg 768w, http:\/\/quelaines-stemarie.fr\/wp-content\/uploads\/IMG_2018-1024x768.jpg 1024w, http:\/\/quelaines-stemarie.fr\/wp-content\/uploads\/IMG_2018-150x113.jpg 150w, http:\/\/quelaines-stemarie.fr\/wp-content\/uploads\/IMG_2018.jpg 1632w\" sizes=\"auto, (max-width: 300px) 100vw, 300px\" \/> <img loading=\"lazy\" decoding=\"async\" class=\"alignnone size-medium wp-image-1695\" src=\"http:\/\/quelaines-stemarie.fr\/wp-content\/uploads\/IMG_2024-e1509386296781-225x300.jpg\" alt=\"\" width=\"225\" height=\"300\" srcset=\"http:\/\/quelaines-stemarie.fr\/wp-content\/uploads\/IMG_2024-e1509386296781-225x300.jpg 225w, http:\/\/quelaines-stemarie.fr\/wp-content\/uploads\/IMG_2024-e1509386296781-768x1024.jpg 768w, http:\/\/quelaines-stemarie.fr\/wp-content\/uploads\/IMG_2024-e1509386296781-113x150.jpg 113w, http:\/\/quelaines-stemarie.fr\/wp-content\/uploads\/IMG_2024-e1509386296781.jpg 1224w\" sizes=\"auto, (max-width: 225px) 100vw, 225px\" \/> <img loading=\"lazy\" decoding=\"async\" class=\"alignnone size-medium wp-image-1696\" src=\"http:\/\/quelaines-stemarie.fr\/wp-content\/uploads\/IMG_2025-e1509386704398-225x300.jpg\" alt=\"\" width=\"225\" height=\"300\" srcset=\"http:\/\/quelaines-stemarie.fr\/wp-content\/uploads\/IMG_2025-e1509386704398-225x300.jpg 225w, http:\/\/quelaines-stemarie.fr\/wp-content\/uploads\/IMG_2025-e1509386704398-768x1024.jpg 768w, http:\/\/quelaines-stemarie.fr\/wp-content\/uploads\/IMG_2025-e1509386704398-113x150.jpg 113w, http:\/\/quelaines-stemarie.fr\/wp-content\/uploads\/IMG_2025-e1509386704398.jpg 1224w\" sizes=\"auto, (max-width: 225px) 100vw, 225px\" \/><\/p>\n<p>&nbsp;<\/p>\n","protected":false},"excerpt":{"rendered":"<p>Pour la semaine du go\u00fbt, nous avons pr\u00e9par\u00e9 des petits toasts ap\u00e9ritifs sal\u00e9s pour tous les \u00e9l\u00e8ves de l&#8217;\u00e9cole. Voici les ingr\u00e9dients de la recette : des galettes de bl\u00e9 ou de ma\u00efs du thon \u00e0 l&#8217;huile de tournesol (\u00e0 \u00e9goutter l\u00e9g\u00e9rement) du fromage frais (type Saint Mor\u00eat) possibilit\u00e9 de\u2026<\/p>\n<p class=\"continue-reading-button\"> <a class=\"continue-reading-link\" href=\"http:\/\/quelaines-stemarie.fr\/index.php\/2017\/10\/30\/semaine-du-gout-2\/\">Lire la suite&#8230;<i class=\"crycon-right-dir\"><\/i><\/a><\/p>\n","protected":false},"author":5,"featured_media":0,"comment_status":"closed","ping_status":"closed","sticky":false,"template":"","format":"standard","meta":{"footnotes":""},"categories":[10,59],"tags":[],"class_list":["post-1700","post","type-post","status-publish","format-standard","hentry","category-cat-actualites","category-cat-cm1cm2-2016"],"_links":{"self":[{"href":"http:\/\/quelaines-stemarie.fr\/index.php\/wp-json\/wp\/v2\/posts\/1700","targetHints":{"allow":["GET"]}}],"collection":[{"href":"http:\/\/quelaines-stemarie.fr\/index.php\/wp-json\/wp\/v2\/posts"}],"about":[{"href":"http:\/\/quelaines-stemarie.fr\/index.php\/wp-json\/wp\/v2\/types\/post"}],"author":[{"embeddable":true,"href":"http:\/\/quelaines-stemarie.fr\/index.php\/wp-json\/wp\/v2\/users\/5"}],"replies":[{"embeddable":true,"href":"http:\/\/quelaines-stemarie.fr\/index.php\/wp-json\/wp\/v2\/comments?post=1700"}],"version-history":[{"count":1,"href":"http:\/\/quelaines-stemarie.fr\/index.php\/wp-json\/wp\/v2\/posts\/1700\/revisions"}],"predecessor-version":[{"id":1701,"href":"http:\/\/quelaines-stemarie.fr\/index.php\/wp-json\/wp\/v2\/posts\/1700\/revisions\/1701"}],"wp:attachment":[{"href":"http:\/\/quelaines-stemarie.fr\/index.php\/wp-json\/wp\/v2\/media?parent=1700"}],"wp:term":[{"taxonomy":"category","embeddable":true,"href":"http:\/\/quelaines-stemarie.fr\/index.php\/wp-json\/wp\/v2\/categories?post=1700"},{"taxonomy":"post_tag","embeddable":true,"href":"http:\/\/quelaines-stemarie.fr\/index.php\/wp-json\/wp\/v2\/tags?post=1700"}],"curies":[{"name":"wp","href":"https:\/\/api.w.org\/{rel}","templated":true}]}}