{"id":1859,"date":"2018-01-07T16:05:04","date_gmt":"2018-01-07T15:05:04","guid":{"rendered":"http:\/\/quelaines-stemarie.fr\/?p=1859"},"modified":"2018-01-07T16:05:04","modified_gmt":"2018-01-07T15:05:04","slug":"celebration-de-noel","status":"publish","type":"post","link":"http:\/\/quelaines-stemarie.fr\/index.php\/2018\/01\/07\/celebration-de-noel\/","title":{"rendered":"C\u00e9l\u00e9bration de No\u00ebl"},"content":{"rendered":"<p>Le 19 d\u00e9cembre, les CE1, CE2, CM1 et CM2 se sont rendus \u00e0 l&#8217;\u00e9glise pour f\u00eater No\u00ebl. Ce fut pour beaucoup d&#8217;enfants l&#8217;occasion de rencontrer le P\u00e8re Foucher.<\/p>\n<p><img loading=\"lazy\" decoding=\"async\" class=\"alignnone wp-image-1861 size-medium\" src=\"http:\/\/quelaines-stemarie.fr\/wp-content\/uploads\/IMG_2307-300x225.jpg\" alt=\"\" width=\"300\" height=\"225\" srcset=\"http:\/\/quelaines-stemarie.fr\/wp-content\/uploads\/IMG_2307-300x225.jpg 300w, http:\/\/quelaines-stemarie.fr\/wp-content\/uploads\/IMG_2307-768x576.jpg 768w, http:\/\/quelaines-stemarie.fr\/wp-content\/uploads\/IMG_2307-1024x768.jpg 1024w, http:\/\/quelaines-stemarie.fr\/wp-content\/uploads\/IMG_2307-150x113.jpg 150w\" sizes=\"auto, (max-width: 300px) 100vw, 300px\" \/><\/p>\n<p>A la fin de la c\u00e9l\u00e9bration, le P\u00e8re Foucher nous a pr\u00e9sent\u00e9 une vid\u00e9o &#8220;C&#8217;est No\u00ebl ce soir&#8221;<\/p>\n<p><iframe loading=\"lazy\" width=\"900\" height=\"506\" src=\"https:\/\/www.youtube.com\/embed\/WM3OOj_UBg8?feature=oembed\" frameborder=\"0\" gesture=\"media\" allow=\"encrypted-media\" allowfullscreen><\/iframe><\/p>\n<p>&nbsp;<\/p>\n","protected":false},"excerpt":{"rendered":"<p>Le 19 d\u00e9cembre, les CE1, CE2, CM1 et CM2 se sont rendus \u00e0 l&#8217;\u00e9glise pour f\u00eater No\u00ebl. Ce fut pour beaucoup d&#8217;enfants l&#8217;occasion de rencontrer le P\u00e8re Foucher. A la fin de la c\u00e9l\u00e9bration, le P\u00e8re Foucher nous a pr\u00e9sent\u00e9 une vid\u00e9o &#8220;C&#8217;est No\u00ebl ce soir&#8221; &nbsp;<\/p>\n<p class=\"continue-reading-button\"> <a class=\"continue-reading-link\" href=\"http:\/\/quelaines-stemarie.fr\/index.php\/2018\/01\/07\/celebration-de-noel\/\">Lire la suite&#8230;<i class=\"crycon-right-dir\"><\/i><\/a><\/p>\n","protected":false},"author":5,"featured_media":0,"comment_status":"closed","ping_status":"closed","sticky":false,"template":"","format":"standard","meta":{"footnotes":""},"categories":[10,59],"tags":[],"class_list":["post-1859","post","type-post","status-publish","format-standard","hentry","category-cat-actualites","category-cat-cm1cm2-2016"],"_links":{"self":[{"href":"http:\/\/quelaines-stemarie.fr\/index.php\/wp-json\/wp\/v2\/posts\/1859","targetHints":{"allow":["GET"]}}],"collection":[{"href":"http:\/\/quelaines-stemarie.fr\/index.php\/wp-json\/wp\/v2\/posts"}],"about":[{"href":"http:\/\/quelaines-stemarie.fr\/index.php\/wp-json\/wp\/v2\/types\/post"}],"author":[{"embeddable":true,"href":"http:\/\/quelaines-stemarie.fr\/index.php\/wp-json\/wp\/v2\/users\/5"}],"replies":[{"embeddable":true,"href":"http:\/\/quelaines-stemarie.fr\/index.php\/wp-json\/wp\/v2\/comments?post=1859"}],"version-history":[{"count":1,"href":"http:\/\/quelaines-stemarie.fr\/index.php\/wp-json\/wp\/v2\/posts\/1859\/revisions"}],"predecessor-version":[{"id":1862,"href":"http:\/\/quelaines-stemarie.fr\/index.php\/wp-json\/wp\/v2\/posts\/1859\/revisions\/1862"}],"wp:attachment":[{"href":"http:\/\/quelaines-stemarie.fr\/index.php\/wp-json\/wp\/v2\/media?parent=1859"}],"wp:term":[{"taxonomy":"category","embeddable":true,"href":"http:\/\/quelaines-stemarie.fr\/index.php\/wp-json\/wp\/v2\/categories?post=1859"},{"taxonomy":"post_tag","embeddable":true,"href":"http:\/\/quelaines-stemarie.fr\/index.php\/wp-json\/wp\/v2\/tags?post=1859"}],"curies":[{"name":"wp","href":"https:\/\/api.w.org\/{rel}","templated":true}]}}