{"id":1990,"date":"2018-02-07T15:38:35","date_gmt":"2018-02-07T14:38:35","guid":{"rendered":"http:\/\/quelaines-stemarie.fr\/?p=1990"},"modified":"2018-02-07T15:38:35","modified_gmt":"2018-02-07T14:38:35","slug":"la-lepre-2","status":"publish","type":"post","link":"http:\/\/quelaines-stemarie.fr\/index.php\/2018\/02\/07\/la-lepre-2\/","title":{"rendered":"La l\u00e8pre"},"content":{"rendered":"<p>Le jeudi 25 janvier, Madame Meneux est venue nous parler des personnes qui ont la l\u00e8pre.<\/p>\n<p>Elle nous a donn\u00e9 des lunettes pour mieux voir les gens qui ont la l\u00e8pre.<\/p>\n<p>Ce sont des personnes qui perdent leurs doigts car ils ne sentent plus.<\/p>\n<p>&nbsp;<\/p>\n<p>Ma\u00ebl Lylian Sandy<\/p>\n<p><img loading=\"lazy\" decoding=\"async\" class=\"alignnone size-medium wp-image-1977\" src=\"http:\/\/quelaines-stemarie.fr\/wp-content\/uploads\/IMG_2432-300x225.jpg\" alt=\"\" width=\"300\" height=\"225\" srcset=\"http:\/\/quelaines-stemarie.fr\/wp-content\/uploads\/IMG_2432-300x225.jpg 300w, http:\/\/quelaines-stemarie.fr\/wp-content\/uploads\/IMG_2432-768x576.jpg 768w, http:\/\/quelaines-stemarie.fr\/wp-content\/uploads\/IMG_2432-1024x768.jpg 1024w, http:\/\/quelaines-stemarie.fr\/wp-content\/uploads\/IMG_2432-150x113.jpg 150w\" sizes=\"auto, (max-width: 300px) 100vw, 300px\" \/> <img loading=\"lazy\" decoding=\"async\" class=\"alignnone size-medium wp-image-1976\" src=\"http:\/\/quelaines-stemarie.fr\/wp-content\/uploads\/IMG_2431-300x225.jpg\" alt=\"\" width=\"300\" height=\"225\" srcset=\"http:\/\/quelaines-stemarie.fr\/wp-content\/uploads\/IMG_2431-300x225.jpg 300w, http:\/\/quelaines-stemarie.fr\/wp-content\/uploads\/IMG_2431-768x576.jpg 768w, http:\/\/quelaines-stemarie.fr\/wp-content\/uploads\/IMG_2431-1024x768.jpg 1024w, http:\/\/quelaines-stemarie.fr\/wp-content\/uploads\/IMG_2431-150x113.jpg 150w\" sizes=\"auto, (max-width: 300px) 100vw, 300px\" \/><\/p>\n","protected":false},"excerpt":{"rendered":"<p>Le jeudi 25 janvier, Madame Meneux est venue nous parler des personnes qui ont la l\u00e8pre. Elle nous a donn\u00e9 des lunettes pour mieux voir les gens qui ont la l\u00e8pre. Ce sont des personnes qui perdent leurs doigts car ils ne sentent plus. &nbsp; Ma\u00ebl Lylian Sandy<\/p>\n<p class=\"continue-reading-button\"> <a class=\"continue-reading-link\" href=\"http:\/\/quelaines-stemarie.fr\/index.php\/2018\/02\/07\/la-lepre-2\/\">Lire la suite&#8230;<i class=\"crycon-right-dir\"><\/i><\/a><\/p>\n","protected":false},"author":5,"featured_media":0,"comment_status":"closed","ping_status":"closed","sticky":false,"template":"","format":"standard","meta":{"footnotes":""},"categories":[10,59],"tags":[],"class_list":["post-1990","post","type-post","status-publish","format-standard","hentry","category-cat-actualites","category-cat-cm1cm2-2016"],"_links":{"self":[{"href":"http:\/\/quelaines-stemarie.fr\/index.php\/wp-json\/wp\/v2\/posts\/1990","targetHints":{"allow":["GET"]}}],"collection":[{"href":"http:\/\/quelaines-stemarie.fr\/index.php\/wp-json\/wp\/v2\/posts"}],"about":[{"href":"http:\/\/quelaines-stemarie.fr\/index.php\/wp-json\/wp\/v2\/types\/post"}],"author":[{"embeddable":true,"href":"http:\/\/quelaines-stemarie.fr\/index.php\/wp-json\/wp\/v2\/users\/5"}],"replies":[{"embeddable":true,"href":"http:\/\/quelaines-stemarie.fr\/index.php\/wp-json\/wp\/v2\/comments?post=1990"}],"version-history":[{"count":1,"href":"http:\/\/quelaines-stemarie.fr\/index.php\/wp-json\/wp\/v2\/posts\/1990\/revisions"}],"predecessor-version":[{"id":1991,"href":"http:\/\/quelaines-stemarie.fr\/index.php\/wp-json\/wp\/v2\/posts\/1990\/revisions\/1991"}],"wp:attachment":[{"href":"http:\/\/quelaines-stemarie.fr\/index.php\/wp-json\/wp\/v2\/media?parent=1990"}],"wp:term":[{"taxonomy":"category","embeddable":true,"href":"http:\/\/quelaines-stemarie.fr\/index.php\/wp-json\/wp\/v2\/categories?post=1990"},{"taxonomy":"post_tag","embeddable":true,"href":"http:\/\/quelaines-stemarie.fr\/index.php\/wp-json\/wp\/v2\/tags?post=1990"}],"curies":[{"name":"wp","href":"https:\/\/api.w.org\/{rel}","templated":true}]}}