{"id":2007,"date":"2018-02-11T20:00:53","date_gmt":"2018-02-11T19:00:53","guid":{"rendered":"http:\/\/quelaines-stemarie.fr\/?p=2007"},"modified":"2018-02-11T20:00:53","modified_gmt":"2018-02-11T19:00:53","slug":"dou-vient-le-lait","status":"publish","type":"post","link":"http:\/\/quelaines-stemarie.fr\/index.php\/2018\/02\/11\/dou-vient-le-lait\/","title":{"rendered":"D&#8217;o\u00f9 vient le lait?"},"content":{"rendered":"<p>Le jeudi 8 f\u00e9vrier nous avons re\u00e7u la visite de deux jeunes agriculteurs qui nous ont parl\u00e9 de leur m\u00e9tier surtout de leurs vaches qui produisent le lait que les enfants boivent chaque matin avant la r\u00e9cr\u00e9ation; cette fois-ci, nous avons eu droit \u00e0 des briquettes de lait chocolat\u00e9. Au printemps, nous irons visiter une ferme pour voir tout \u00e7a de plus pr\u00e8s!<\/p>\n<p><img loading=\"lazy\" decoding=\"async\" class=\"alignnone wp-image-2001 size-large\" src=\"http:\/\/quelaines-stemarie.fr\/wp-content\/uploads\/100_2879-1024x683.jpg\" alt=\"\" width=\"900\" height=\"600\" srcset=\"http:\/\/quelaines-stemarie.fr\/wp-content\/uploads\/100_2879-1024x683.jpg 1024w, http:\/\/quelaines-stemarie.fr\/wp-content\/uploads\/100_2879-300x200.jpg 300w, http:\/\/quelaines-stemarie.fr\/wp-content\/uploads\/100_2879-768x512.jpg 768w, http:\/\/quelaines-stemarie.fr\/wp-content\/uploads\/100_2879-150x100.jpg 150w\" sizes=\"auto, (max-width: 900px) 100vw, 900px\" \/><\/p>\n<p><img loading=\"lazy\" decoding=\"async\" class=\"alignnone wp-image-2002 size-large\" src=\"http:\/\/quelaines-stemarie.fr\/wp-content\/uploads\/100_2880-1024x683.jpg\" alt=\"\" width=\"900\" height=\"600\" srcset=\"http:\/\/quelaines-stemarie.fr\/wp-content\/uploads\/100_2880-1024x683.jpg 1024w, http:\/\/quelaines-stemarie.fr\/wp-content\/uploads\/100_2880-300x200.jpg 300w, http:\/\/quelaines-stemarie.fr\/wp-content\/uploads\/100_2880-768x512.jpg 768w, http:\/\/quelaines-stemarie.fr\/wp-content\/uploads\/100_2880-150x100.jpg 150w\" sizes=\"auto, (max-width: 900px) 100vw, 900px\" \/><\/p>\n","protected":false},"excerpt":{"rendered":"<p>Le jeudi 8 f\u00e9vrier nous avons re\u00e7u la visite de deux jeunes agriculteurs qui nous ont parl\u00e9 de leur m\u00e9tier surtout de leurs vaches qui produisent le lait que les enfants boivent chaque matin avant la r\u00e9cr\u00e9ation; cette fois-ci, nous avons eu droit \u00e0 des briquettes de lait chocolat\u00e9. Au\u2026<\/p>\n<p class=\"continue-reading-button\"> <a class=\"continue-reading-link\" href=\"http:\/\/quelaines-stemarie.fr\/index.php\/2018\/02\/11\/dou-vient-le-lait\/\">Lire la suite&#8230;<i class=\"crycon-right-dir\"><\/i><\/a><\/p>\n","protected":false},"author":1,"featured_media":0,"comment_status":"closed","ping_status":"closed","sticky":false,"template":"","format":"standard","meta":{"footnotes":""},"categories":[10,93],"tags":[],"class_list":["post-2007","post","type-post","status-publish","format-standard","hentry","category-cat-actualites","category-ms-gs-de-jocelyne"],"_links":{"self":[{"href":"http:\/\/quelaines-stemarie.fr\/index.php\/wp-json\/wp\/v2\/posts\/2007","targetHints":{"allow":["GET"]}}],"collection":[{"href":"http:\/\/quelaines-stemarie.fr\/index.php\/wp-json\/wp\/v2\/posts"}],"about":[{"href":"http:\/\/quelaines-stemarie.fr\/index.php\/wp-json\/wp\/v2\/types\/post"}],"author":[{"embeddable":true,"href":"http:\/\/quelaines-stemarie.fr\/index.php\/wp-json\/wp\/v2\/users\/1"}],"replies":[{"embeddable":true,"href":"http:\/\/quelaines-stemarie.fr\/index.php\/wp-json\/wp\/v2\/comments?post=2007"}],"version-history":[{"count":1,"href":"http:\/\/quelaines-stemarie.fr\/index.php\/wp-json\/wp\/v2\/posts\/2007\/revisions"}],"predecessor-version":[{"id":2008,"href":"http:\/\/quelaines-stemarie.fr\/index.php\/wp-json\/wp\/v2\/posts\/2007\/revisions\/2008"}],"wp:attachment":[{"href":"http:\/\/quelaines-stemarie.fr\/index.php\/wp-json\/wp\/v2\/media?parent=2007"}],"wp:term":[{"taxonomy":"category","embeddable":true,"href":"http:\/\/quelaines-stemarie.fr\/index.php\/wp-json\/wp\/v2\/categories?post=2007"},{"taxonomy":"post_tag","embeddable":true,"href":"http:\/\/quelaines-stemarie.fr\/index.php\/wp-json\/wp\/v2\/tags?post=2007"}],"curies":[{"name":"wp","href":"https:\/\/api.w.org\/{rel}","templated":true}]}}