{"id":2161,"date":"2018-04-14T17:48:15","date_gmt":"2018-04-14T16:48:15","guid":{"rendered":"http:\/\/quelaines-stemarie.fr\/?p=2161"},"modified":"2018-04-14T17:48:15","modified_gmt":"2018-04-14T16:48:15","slug":"les-cm2-au-college-saint-joseph-de-cosse","status":"publish","type":"post","link":"http:\/\/quelaines-stemarie.fr\/index.php\/2018\/04\/14\/les-cm2-au-college-saint-joseph-de-cosse\/","title":{"rendered":"Les CM2 au coll\u00e8ge Saint Joseph de Coss\u00e9."},"content":{"rendered":"<p>Les CM2 ont d\u00e9couvert leur futur coll\u00e8ge lors d&#8217;une matin\u00e9e d&#8217;int\u00e9gration.<\/p>\n<p><img loading=\"lazy\" decoding=\"async\" class=\"alignnone wp-image-2162 size-full\" src=\"http:\/\/quelaines-stemarie.fr\/wp-content\/uploads\/CM2-st-jo.jpg\" alt=\"\" width=\"680\" height=\"383\" srcset=\"http:\/\/quelaines-stemarie.fr\/wp-content\/uploads\/CM2-st-jo.jpg 680w, http:\/\/quelaines-stemarie.fr\/wp-content\/uploads\/CM2-st-jo-300x169.jpg 300w, http:\/\/quelaines-stemarie.fr\/wp-content\/uploads\/CM2-st-jo-150x84.jpg 150w\" sizes=\"auto, (max-width: 680px) 100vw, 680px\" \/><\/p>\n<p>Voici un lien qui vous permettra de voir les photos prises lors de ce moment important.<\/p>\n<p><a href=\"http:\/\/stjo-cosse.lamayenne.e-lyco.fr\/actualites\/accueil-cm2-mercredi-11-avril-2018-1581.htm?URL_BLOG_FILTRE=%23835\">http:\/\/stjo-cosse.lamayenne.e-lyco.fr\/actualites\/accueil-cm2-mercredi-11-avril-2018-1581.htm?URL_BLOG_FILTRE=%23835<\/a><\/p>\n<p>&nbsp;<\/p>\n","protected":false},"excerpt":{"rendered":"<p>Les CM2 ont d\u00e9couvert leur futur coll\u00e8ge lors d&#8217;une matin\u00e9e d&#8217;int\u00e9gration. Voici un lien qui vous permettra de voir les photos prises lors de ce moment important. http:\/\/stjo-cosse.lamayenne.e-lyco.fr\/actualites\/accueil-cm2-mercredi-11-avril-2018-1581.htm?URL_BLOG_FILTRE=%23835 &nbsp;<\/p>\n<p class=\"continue-reading-button\"> <a class=\"continue-reading-link\" href=\"http:\/\/quelaines-stemarie.fr\/index.php\/2018\/04\/14\/les-cm2-au-college-saint-joseph-de-cosse\/\">Lire la suite&#8230;<i class=\"crycon-right-dir\"><\/i><\/a><\/p>\n","protected":false},"author":5,"featured_media":0,"comment_status":"closed","ping_status":"closed","sticky":false,"template":"","format":"standard","meta":{"footnotes":""},"categories":[10,59],"tags":[],"class_list":["post-2161","post","type-post","status-publish","format-standard","hentry","category-cat-actualites","category-cat-cm1cm2-2016"],"_links":{"self":[{"href":"http:\/\/quelaines-stemarie.fr\/index.php\/wp-json\/wp\/v2\/posts\/2161","targetHints":{"allow":["GET"]}}],"collection":[{"href":"http:\/\/quelaines-stemarie.fr\/index.php\/wp-json\/wp\/v2\/posts"}],"about":[{"href":"http:\/\/quelaines-stemarie.fr\/index.php\/wp-json\/wp\/v2\/types\/post"}],"author":[{"embeddable":true,"href":"http:\/\/quelaines-stemarie.fr\/index.php\/wp-json\/wp\/v2\/users\/5"}],"replies":[{"embeddable":true,"href":"http:\/\/quelaines-stemarie.fr\/index.php\/wp-json\/wp\/v2\/comments?post=2161"}],"version-history":[{"count":1,"href":"http:\/\/quelaines-stemarie.fr\/index.php\/wp-json\/wp\/v2\/posts\/2161\/revisions"}],"predecessor-version":[{"id":2163,"href":"http:\/\/quelaines-stemarie.fr\/index.php\/wp-json\/wp\/v2\/posts\/2161\/revisions\/2163"}],"wp:attachment":[{"href":"http:\/\/quelaines-stemarie.fr\/index.php\/wp-json\/wp\/v2\/media?parent=2161"}],"wp:term":[{"taxonomy":"category","embeddable":true,"href":"http:\/\/quelaines-stemarie.fr\/index.php\/wp-json\/wp\/v2\/categories?post=2161"},{"taxonomy":"post_tag","embeddable":true,"href":"http:\/\/quelaines-stemarie.fr\/index.php\/wp-json\/wp\/v2\/tags?post=2161"}],"curies":[{"name":"wp","href":"https:\/\/api.w.org\/{rel}","templated":true}]}}