{"id":2459,"date":"2018-09-21T20:35:26","date_gmt":"2018-09-21T19:35:26","guid":{"rendered":"http:\/\/quelaines-stemarie.fr\/?p=2459"},"modified":"2018-09-21T20:35:26","modified_gmt":"2018-09-21T19:35:26","slug":"le-conseil-municipal-des-enfants","status":"publish","type":"post","link":"http:\/\/quelaines-stemarie.fr\/index.php\/2018\/09\/21\/le-conseil-municipal-des-enfants\/","title":{"rendered":"Le Conseil Municipal des Enfants"},"content":{"rendered":"<p>Christine De Ponfarcy et Emmanuelle Clairet, repr\u00e9sentantes de la mairie de Quelaines, sont venues expliquer aux CE2-CM1 et CM2, le nouveau projet de la commune : la cr\u00e9ation d&#8217;un Conseil Municipal des Enfants pour l&#8217;ann\u00e9e scolaire 2018\/2019. Seuls les CM peuvent se pr\u00e9senter mais les CE2 pourront voter. 4 \u00e9l\u00e8ves de notre \u00e9cole seront \u00e9lus le 12 octobre et rejoindront 7 \u00e9l\u00e8ves de l&#8217;\u00e9cole Maurice Car\u00eame. Le maire des enfants et ses deux adjoints seront \u00e9lus lors du premier conseil.<\/p>\n<p>Les candidats peuvent se faire conna\u00eetre jusqu&#8217;au 27 septembre ! Bonne chance \u00e0 tous !!!<\/p>\n<p><img loading=\"lazy\" decoding=\"async\" class=\"alignnone wp-image-2441 size-large\" src=\"http:\/\/quelaines-stemarie.fr\/wp-content\/uploads\/IMG_3623-1-1024x768.jpg\" alt=\"\" width=\"900\" height=\"675\" srcset=\"http:\/\/quelaines-stemarie.fr\/wp-content\/uploads\/IMG_3623-1-1024x768.jpg 1024w, http:\/\/quelaines-stemarie.fr\/wp-content\/uploads\/IMG_3623-1-300x225.jpg 300w, http:\/\/quelaines-stemarie.fr\/wp-content\/uploads\/IMG_3623-1-768x576.jpg 768w, http:\/\/quelaines-stemarie.fr\/wp-content\/uploads\/IMG_3623-1-150x113.jpg 150w, http:\/\/quelaines-stemarie.fr\/wp-content\/uploads\/IMG_3623-1.jpg 1632w\" sizes=\"auto, (max-width: 900px) 100vw, 900px\" \/><\/p>\n","protected":false},"excerpt":{"rendered":"<p>Christine De Ponfarcy et Emmanuelle Clairet, repr\u00e9sentantes de la mairie de Quelaines, sont venues expliquer aux CE2-CM1 et CM2, le nouveau projet de la commune : la cr\u00e9ation d&#8217;un Conseil Municipal des Enfants pour l&#8217;ann\u00e9e scolaire 2018\/2019. Seuls les CM peuvent se pr\u00e9senter mais les CE2 pourront voter. 4 \u00e9l\u00e8ves\u2026<\/p>\n<p class=\"continue-reading-button\"> <a class=\"continue-reading-link\" href=\"http:\/\/quelaines-stemarie.fr\/index.php\/2018\/09\/21\/le-conseil-municipal-des-enfants\/\">Lire la suite&#8230;<i class=\"crycon-right-dir\"><\/i><\/a><\/p>\n","protected":false},"author":5,"featured_media":0,"comment_status":"closed","ping_status":"closed","sticky":false,"template":"","format":"standard","meta":{"footnotes":""},"categories":[10,59],"tags":[],"class_list":["post-2459","post","type-post","status-publish","format-standard","hentry","category-cat-actualites","category-cat-cm1cm2-2016"],"_links":{"self":[{"href":"http:\/\/quelaines-stemarie.fr\/index.php\/wp-json\/wp\/v2\/posts\/2459","targetHints":{"allow":["GET"]}}],"collection":[{"href":"http:\/\/quelaines-stemarie.fr\/index.php\/wp-json\/wp\/v2\/posts"}],"about":[{"href":"http:\/\/quelaines-stemarie.fr\/index.php\/wp-json\/wp\/v2\/types\/post"}],"author":[{"embeddable":true,"href":"http:\/\/quelaines-stemarie.fr\/index.php\/wp-json\/wp\/v2\/users\/5"}],"replies":[{"embeddable":true,"href":"http:\/\/quelaines-stemarie.fr\/index.php\/wp-json\/wp\/v2\/comments?post=2459"}],"version-history":[{"count":1,"href":"http:\/\/quelaines-stemarie.fr\/index.php\/wp-json\/wp\/v2\/posts\/2459\/revisions"}],"predecessor-version":[{"id":2460,"href":"http:\/\/quelaines-stemarie.fr\/index.php\/wp-json\/wp\/v2\/posts\/2459\/revisions\/2460"}],"wp:attachment":[{"href":"http:\/\/quelaines-stemarie.fr\/index.php\/wp-json\/wp\/v2\/media?parent=2459"}],"wp:term":[{"taxonomy":"category","embeddable":true,"href":"http:\/\/quelaines-stemarie.fr\/index.php\/wp-json\/wp\/v2\/categories?post=2459"},{"taxonomy":"post_tag","embeddable":true,"href":"http:\/\/quelaines-stemarie.fr\/index.php\/wp-json\/wp\/v2\/tags?post=2459"}],"curies":[{"name":"wp","href":"https:\/\/api.w.org\/{rel}","templated":true}]}}