{"id":3023,"date":"2019-03-27T17:49:05","date_gmt":"2019-03-27T16:49:05","guid":{"rendered":"http:\/\/quelaines-stemarie.fr\/?p=3023"},"modified":"2019-03-27T17:49:05","modified_gmt":"2019-03-27T16:49:05","slug":"deguisements-crepes-et-partage","status":"publish","type":"post","link":"http:\/\/quelaines-stemarie.fr\/index.php\/2019\/03\/27\/deguisements-crepes-et-partage\/","title":{"rendered":"D\u00e9guisements, cr\u00eapes et partage"},"content":{"rendered":"<p>Ce vendredi 22 mars, c&#8217;\u00e9tait carnaval \u00e0 l&#8217;\u00e9cole. Le matin nous avons confectionn\u00e9 des cr\u00eapes et l&#8217;apr\u00e8s-midi nous nous sommes d\u00e9guis\u00e9s.<\/p>\n<p>Avec les CE et les CM, nous avons ensuite travers\u00e9 la rue pour aller \u00e0 la rencontre des papys et mamys du foyer-logement, et nous avons partag\u00e9 cr\u00eapes et chants.<\/p>\n<div id='gallery-1' class='gallery gallery_default galleryid-3023 gallery-columns-3 gallery-size-thumbnail gallery-link-file'><figure class='gallery-item' style='width:33.333333333333%'>\n\t\t\t\t<div class='gallery-icon landscape'>\n\t\t\t\t\t<a data-lightbox='1' href='http:\/\/quelaines-stemarie.fr\/wp-content\/uploads\/IMG_1144-1024x768.jpg' title='IMG_1144' target=''><img loading=\"lazy\" decoding=\"async\" width=\"150\" height=\"150\" src=\"http:\/\/quelaines-stemarie.fr\/wp-content\/uploads\/IMG_1144-150x150.jpg\" class=\"attachment-thumbnail size-thumbnail\" alt=\"\" \/><\/a>\n\t\t\t\t<\/div><\/figure><figure class='gallery-item' style='width:33.333333333333%'>\n\t\t\t\t<div class='gallery-icon landscape'>\n\t\t\t\t\t<a data-lightbox='1' href='http:\/\/quelaines-stemarie.fr\/wp-content\/uploads\/IMG_1143-1024x768.jpg' title='IMG_1143' target=''><img loading=\"lazy\" decoding=\"async\" width=\"150\" height=\"150\" src=\"http:\/\/quelaines-stemarie.fr\/wp-content\/uploads\/IMG_1143-150x150.jpg\" class=\"attachment-thumbnail size-thumbnail\" alt=\"\" \/><\/a>\n\t\t\t\t<\/div><\/figure><figure class='gallery-item' style='width:33.333333333333%'>\n\t\t\t\t<div class='gallery-icon landscape'>\n\t\t\t\t\t<a data-lightbox='1' href='http:\/\/quelaines-stemarie.fr\/wp-content\/uploads\/IMG_1142-1024x768.jpg' title='IMG_1142' target=''><img loading=\"lazy\" decoding=\"async\" width=\"150\" height=\"150\" src=\"http:\/\/quelaines-stemarie.fr\/wp-content\/uploads\/IMG_1142-150x150.jpg\" class=\"attachment-thumbnail size-thumbnail\" alt=\"\" \/><\/a>\n\t\t\t\t<\/div><\/figure><figure class='gallery-item' style='width:33.333333333333%'>\n\t\t\t\t<div class='gallery-icon landscape'>\n\t\t\t\t\t<a data-lightbox='1' href='http:\/\/quelaines-stemarie.fr\/wp-content\/uploads\/IMG_1136-1024x768.jpg' title='IMG_1136' target=''><img loading=\"lazy\" decoding=\"async\" width=\"150\" height=\"150\" src=\"http:\/\/quelaines-stemarie.fr\/wp-content\/uploads\/IMG_1136-150x150.jpg\" class=\"attachment-thumbnail size-thumbnail\" alt=\"\" \/><\/a>\n\t\t\t\t<\/div><\/figure><figure class='gallery-item' style='width:33.333333333333%'>\n\t\t\t\t<div class='gallery-icon landscape'>\n\t\t\t\t\t<a data-lightbox='1' href='http:\/\/quelaines-stemarie.fr\/wp-content\/uploads\/IMG_1133-1024x768.jpg' title='IMG_1133' target=''><img loading=\"lazy\" decoding=\"async\" width=\"150\" height=\"150\" src=\"http:\/\/quelaines-stemarie.fr\/wp-content\/uploads\/IMG_1133-150x150.jpg\" class=\"attachment-thumbnail size-thumbnail\" alt=\"\" \/><\/a>\n\t\t\t\t<\/div><\/figure><figure class='gallery-item' style='width:33.333333333333%'>\n\t\t\t\t<div class='gallery-icon landscape'>\n\t\t\t\t\t<a data-lightbox='1' href='http:\/\/quelaines-stemarie.fr\/wp-content\/uploads\/IMG_1132-1024x768.jpg' title='IMG_1132' target=''><img loading=\"lazy\" decoding=\"async\" width=\"150\" height=\"150\" src=\"http:\/\/quelaines-stemarie.fr\/wp-content\/uploads\/IMG_1132-150x150.jpg\" class=\"attachment-thumbnail size-thumbnail\" alt=\"\" \/><\/a>\n\t\t\t\t<\/div><\/figure><\/div>\n","protected":false},"excerpt":{"rendered":"<p>Ce vendredi 22 mars, c&#8217;\u00e9tait carnaval \u00e0 l&#8217;\u00e9cole. Le matin nous avons confectionn\u00e9 des cr\u00eapes et l&#8217;apr\u00e8s-midi nous nous sommes d\u00e9guis\u00e9s. Avec les CE et les CM, nous avons ensuite travers\u00e9 la rue pour aller \u00e0 la rencontre des papys et mamys du foyer-logement, et nous avons partag\u00e9 cr\u00eapes et\u2026<\/p>\n<p class=\"continue-reading-button\"> <a class=\"continue-reading-link\" href=\"http:\/\/quelaines-stemarie.fr\/index.php\/2019\/03\/27\/deguisements-crepes-et-partage\/\">Lire la suite&#8230;<i class=\"crycon-right-dir\"><\/i><\/a><\/p>\n","protected":false},"author":5,"featured_media":3016,"comment_status":"closed","ping_status":"closed","sticky":false,"template":"","format":"standard","meta":{"footnotes":""},"categories":[56],"tags":[],"class_list":["post-3023","post","type-post","status-publish","format-standard","has-post-thumbnail","hentry","category-cat-gscp2016"],"_links":{"self":[{"href":"http:\/\/quelaines-stemarie.fr\/index.php\/wp-json\/wp\/v2\/posts\/3023","targetHints":{"allow":["GET"]}}],"collection":[{"href":"http:\/\/quelaines-stemarie.fr\/index.php\/wp-json\/wp\/v2\/posts"}],"about":[{"href":"http:\/\/quelaines-stemarie.fr\/index.php\/wp-json\/wp\/v2\/types\/post"}],"author":[{"embeddable":true,"href":"http:\/\/quelaines-stemarie.fr\/index.php\/wp-json\/wp\/v2\/users\/5"}],"replies":[{"embeddable":true,"href":"http:\/\/quelaines-stemarie.fr\/index.php\/wp-json\/wp\/v2\/comments?post=3023"}],"version-history":[{"count":2,"href":"http:\/\/quelaines-stemarie.fr\/index.php\/wp-json\/wp\/v2\/posts\/3023\/revisions"}],"predecessor-version":[{"id":3025,"href":"http:\/\/quelaines-stemarie.fr\/index.php\/wp-json\/wp\/v2\/posts\/3023\/revisions\/3025"}],"wp:featuredmedia":[{"embeddable":true,"href":"http:\/\/quelaines-stemarie.fr\/index.php\/wp-json\/wp\/v2\/media\/3016"}],"wp:attachment":[{"href":"http:\/\/quelaines-stemarie.fr\/index.php\/wp-json\/wp\/v2\/media?parent=3023"}],"wp:term":[{"taxonomy":"category","embeddable":true,"href":"http:\/\/quelaines-stemarie.fr\/index.php\/wp-json\/wp\/v2\/categories?post=3023"},{"taxonomy":"post_tag","embeddable":true,"href":"http:\/\/quelaines-stemarie.fr\/index.php\/wp-json\/wp\/v2\/tags?post=3023"}],"curies":[{"name":"wp","href":"https:\/\/api.w.org\/{rel}","templated":true}]}}