{"id":4669,"date":"2020-03-04T19:17:11","date_gmt":"2020-03-04T18:17:11","guid":{"rendered":"http:\/\/quelaines-stemarie.fr\/?p=4669"},"modified":"2020-03-11T13:49:38","modified_gmt":"2020-03-11T12:49:38","slug":"piscine-pour-les-ms-et-gs","status":"publish","type":"post","link":"http:\/\/quelaines-stemarie.fr\/index.php\/2020\/03\/04\/piscine-pour-les-ms-et-gs\/","title":{"rendered":"Piscine pour les MS et GS"},"content":{"rendered":"\n<p>Depuis ce lundi 2 mars , les 31 \u00e9l\u00e8ves de moyenne et grande sections se rendent \u00e0 la piscine de Craon pour un cycle de 12 s\u00e9ances. Les groupes ont \u00e9t\u00e9 constitu\u00e9s et lundi prochain, les activit\u00e9s aquatiques proprement dites vont pouvoir commencer.<\/p>\n\n\n\n<p>Merci \u00e0 tous les parents qui nous aident dans l&#8217;eau et dans les vestiaires.<\/p>\n\n\n\n<figure class=\"wp-block-image size-large\"><img loading=\"lazy\" decoding=\"async\" width=\"1024\" height=\"683\" src=\"http:\/\/quelaines-stemarie.fr\/wp-content\/uploads\/106_4775-1024x683.jpg\" alt=\"\" class=\"wp-image-4657\" srcset=\"http:\/\/quelaines-stemarie.fr\/wp-content\/uploads\/106_4775-1024x683.jpg 1024w, http:\/\/quelaines-stemarie.fr\/wp-content\/uploads\/106_4775-300x200.jpg 300w, http:\/\/quelaines-stemarie.fr\/wp-content\/uploads\/106_4775-768x512.jpg 768w, http:\/\/quelaines-stemarie.fr\/wp-content\/uploads\/106_4775-1536x1024.jpg 1536w, http:\/\/quelaines-stemarie.fr\/wp-content\/uploads\/106_4775-2048x1365.jpg 2048w, http:\/\/quelaines-stemarie.fr\/wp-content\/uploads\/106_4775-150x100.jpg 150w\" sizes=\"auto, (max-width: 1024px) 100vw, 1024px\" \/><\/figure>\n\n\n\n<figure class=\"wp-block-image size-large\"><img loading=\"lazy\" decoding=\"async\" width=\"1024\" height=\"683\" src=\"http:\/\/quelaines-stemarie.fr\/wp-content\/uploads\/106_4776-1024x683.jpg\" alt=\"\" class=\"wp-image-4656\" srcset=\"http:\/\/quelaines-stemarie.fr\/wp-content\/uploads\/106_4776-1024x683.jpg 1024w, http:\/\/quelaines-stemarie.fr\/wp-content\/uploads\/106_4776-300x200.jpg 300w, http:\/\/quelaines-stemarie.fr\/wp-content\/uploads\/106_4776-768x512.jpg 768w, http:\/\/quelaines-stemarie.fr\/wp-content\/uploads\/106_4776-1536x1024.jpg 1536w, http:\/\/quelaines-stemarie.fr\/wp-content\/uploads\/106_4776-2048x1365.jpg 2048w, http:\/\/quelaines-stemarie.fr\/wp-content\/uploads\/106_4776-150x100.jpg 150w\" sizes=\"auto, (max-width: 1024px) 100vw, 1024px\" \/><\/figure>\n","protected":false},"excerpt":{"rendered":"<p>Depuis ce lundi 2 mars , les 31 \u00e9l\u00e8ves de moyenne et grande sections se rendent \u00e0 la piscine de Craon pour un cycle de 12 s\u00e9ances. Les groupes ont \u00e9t\u00e9 constitu\u00e9s et lundi prochain, les activit\u00e9s aquatiques proprement dites vont pouvoir commencer. Merci \u00e0 tous les parents qui nous\u2026<\/p>\n<p class=\"continue-reading-button\"> <a class=\"continue-reading-link\" href=\"http:\/\/quelaines-stemarie.fr\/index.php\/2020\/03\/04\/piscine-pour-les-ms-et-gs\/\">Lire la suite&#8230;<i class=\"crycon-right-dir\"><\/i><\/a><\/p>\n","protected":false},"author":1,"featured_media":4657,"comment_status":"closed","ping_status":"closed","sticky":false,"template":"","format":"standard","meta":{"footnotes":""},"categories":[10,46],"tags":[],"class_list":["post-4669","post","type-post","status-publish","format-standard","has-post-thumbnail","hentry","category-cat-actualites","category-ms-gs"],"_links":{"self":[{"href":"http:\/\/quelaines-stemarie.fr\/index.php\/wp-json\/wp\/v2\/posts\/4669","targetHints":{"allow":["GET"]}}],"collection":[{"href":"http:\/\/quelaines-stemarie.fr\/index.php\/wp-json\/wp\/v2\/posts"}],"about":[{"href":"http:\/\/quelaines-stemarie.fr\/index.php\/wp-json\/wp\/v2\/types\/post"}],"author":[{"embeddable":true,"href":"http:\/\/quelaines-stemarie.fr\/index.php\/wp-json\/wp\/v2\/users\/1"}],"replies":[{"embeddable":true,"href":"http:\/\/quelaines-stemarie.fr\/index.php\/wp-json\/wp\/v2\/comments?post=4669"}],"version-history":[{"count":2,"href":"http:\/\/quelaines-stemarie.fr\/index.php\/wp-json\/wp\/v2\/posts\/4669\/revisions"}],"predecessor-version":[{"id":4671,"href":"http:\/\/quelaines-stemarie.fr\/index.php\/wp-json\/wp\/v2\/posts\/4669\/revisions\/4671"}],"wp:featuredmedia":[{"embeddable":true,"href":"http:\/\/quelaines-stemarie.fr\/index.php\/wp-json\/wp\/v2\/media\/4657"}],"wp:attachment":[{"href":"http:\/\/quelaines-stemarie.fr\/index.php\/wp-json\/wp\/v2\/media?parent=4669"}],"wp:term":[{"taxonomy":"category","embeddable":true,"href":"http:\/\/quelaines-stemarie.fr\/index.php\/wp-json\/wp\/v2\/categories?post=4669"},{"taxonomy":"post_tag","embeddable":true,"href":"http:\/\/quelaines-stemarie.fr\/index.php\/wp-json\/wp\/v2\/tags?post=4669"}],"curies":[{"name":"wp","href":"https:\/\/api.w.org\/{rel}","templated":true}]}}