{"id":588,"date":"2016-09-28T15:41:42","date_gmt":"2016-09-28T14:41:42","guid":{"rendered":"http:\/\/quelaines-stemarie.fr\/?p=588"},"modified":"2016-10-03T20:45:53","modified_gmt":"2016-10-03T19:45:53","slug":"rencontre-avec-un-illustrateur","status":"publish","type":"post","link":"http:\/\/quelaines-stemarie.fr\/index.php\/2016\/09\/28\/rencontre-avec-un-illustrateur\/","title":{"rendered":"Rencontre avec un illustrateur"},"content":{"rendered":"<p>Mercredi 21 septembre, nous avons accueilli Marc Lizano dans notre classe, c&#8217;est un illustrateur de bandes dessin\u00e9es pour la jeunesse. Avant sa visite, nous avions pu d\u00e9couvrir son travail au travers de &#8220;L&#8217;enfant cach\u00e9e&#8221; et la trilogie &#8220;La petite famille&#8221;.<\/p>\n<p>Nous avons pu lui poser toutes nos questions. Il a ensuite dessin\u00e9 devant nos yeux \u00e9merveill\u00e9s. Pour terminer, il nous a donn\u00e9 quelques pistes assez simples pour dessiner des personnages.<\/p>\n<p>Ce fut une tr\u00e8s belle rencontre !<\/p>\n<p>Vous pouvez d\u00e9couvrir son travail ici :\u00a0<a href=\"http:\/\/marc-lizano.weebly.com\/\">http:\/\/marc-lizano.weebly.com\/<\/a><\/p>\n<p>En cliquant\u00a0ici :<a href=\"http:\/\/marc-lizano.weebly.com\/atelier-bd---boum.html\" target=\"_blank\"> http:\/\/marc-lizano.weebly.com\/atelier-bd&#8212;boum.html<\/a>\u00a0 vous pourrez acc\u00e9der \u00e0 un tutoriel propos\u00e9 par Marc Lizano pour cr\u00e9er une petite bande dessin\u00e9e.<\/p>\n<p><img loading=\"lazy\" decoding=\"async\" class=\"alignnone size-medium wp-image-570\" src=\"http:\/\/quelaines-stemarie.fr\/wp-content\/uploads\/IMGP1432-300x225.jpg\" alt=\"imgp1432\" width=\"300\" height=\"225\" srcset=\"http:\/\/quelaines-stemarie.fr\/wp-content\/uploads\/IMGP1432-300x225.jpg 300w, http:\/\/quelaines-stemarie.fr\/wp-content\/uploads\/IMGP1432-768x576.jpg 768w, http:\/\/quelaines-stemarie.fr\/wp-content\/uploads\/IMGP1432-1024x768.jpg 1024w, http:\/\/quelaines-stemarie.fr\/wp-content\/uploads\/IMGP1432-200x150.jpg 200w, http:\/\/quelaines-stemarie.fr\/wp-content\/uploads\/IMGP1432-150x113.jpg 150w\" sizes=\"auto, (max-width: 300px) 100vw, 300px\" \/> <img loading=\"lazy\" decoding=\"async\" class=\"alignnone size-medium wp-image-569\" src=\"http:\/\/quelaines-stemarie.fr\/wp-content\/uploads\/IMGP1429-300x225.jpg\" alt=\"imgp1429\" width=\"300\" height=\"225\" srcset=\"http:\/\/quelaines-stemarie.fr\/wp-content\/uploads\/IMGP1429-300x225.jpg 300w, http:\/\/quelaines-stemarie.fr\/wp-content\/uploads\/IMGP1429-768x576.jpg 768w, http:\/\/quelaines-stemarie.fr\/wp-content\/uploads\/IMGP1429-1024x768.jpg 1024w, http:\/\/quelaines-stemarie.fr\/wp-content\/uploads\/IMGP1429-200x150.jpg 200w, http:\/\/quelaines-stemarie.fr\/wp-content\/uploads\/IMGP1429-150x113.jpg 150w\" sizes=\"auto, (max-width: 300px) 100vw, 300px\" \/> <img loading=\"lazy\" decoding=\"async\" class=\"alignnone size-medium wp-image-568\" src=\"http:\/\/quelaines-stemarie.fr\/wp-content\/uploads\/IMGP1428-300x225.jpg\" alt=\"imgp1428\" width=\"300\" height=\"225\" srcset=\"http:\/\/quelaines-stemarie.fr\/wp-content\/uploads\/IMGP1428-300x225.jpg 300w, http:\/\/quelaines-stemarie.fr\/wp-content\/uploads\/IMGP1428-768x576.jpg 768w, http:\/\/quelaines-stemarie.fr\/wp-content\/uploads\/IMGP1428-1024x768.jpg 1024w, http:\/\/quelaines-stemarie.fr\/wp-content\/uploads\/IMGP1428-200x150.jpg 200w, http:\/\/quelaines-stemarie.fr\/wp-content\/uploads\/IMGP1428-150x113.jpg 150w\" sizes=\"auto, (max-width: 300px) 100vw, 300px\" \/> <img loading=\"lazy\" decoding=\"async\" class=\"alignnone size-medium wp-image-572\" src=\"http:\/\/quelaines-stemarie.fr\/wp-content\/uploads\/IMGP1441-300x225.jpg\" alt=\"imgp1441\" width=\"300\" height=\"225\" srcset=\"http:\/\/quelaines-stemarie.fr\/wp-content\/uploads\/IMGP1441-300x225.jpg 300w, http:\/\/quelaines-stemarie.fr\/wp-content\/uploads\/IMGP1441-768x576.jpg 768w, http:\/\/quelaines-stemarie.fr\/wp-content\/uploads\/IMGP1441-1024x768.jpg 1024w, http:\/\/quelaines-stemarie.fr\/wp-content\/uploads\/IMGP1441-200x150.jpg 200w, http:\/\/quelaines-stemarie.fr\/wp-content\/uploads\/IMGP1441-150x113.jpg 150w\" sizes=\"auto, (max-width: 300px) 100vw, 300px\" \/> <img loading=\"lazy\" decoding=\"async\" class=\"alignnone size-medium wp-image-573\" src=\"http:\/\/quelaines-stemarie.fr\/wp-content\/uploads\/IMGP1442-300x225.jpg\" alt=\"imgp1442\" width=\"300\" height=\"225\" srcset=\"http:\/\/quelaines-stemarie.fr\/wp-content\/uploads\/IMGP1442-300x225.jpg 300w, http:\/\/quelaines-stemarie.fr\/wp-content\/uploads\/IMGP1442-768x576.jpg 768w, http:\/\/quelaines-stemarie.fr\/wp-content\/uploads\/IMGP1442-1024x768.jpg 1024w, http:\/\/quelaines-stemarie.fr\/wp-content\/uploads\/IMGP1442-200x150.jpg 200w, http:\/\/quelaines-stemarie.fr\/wp-content\/uploads\/IMGP1442-150x113.jpg 150w\" sizes=\"auto, (max-width: 300px) 100vw, 300px\" \/> <img loading=\"lazy\" decoding=\"async\" class=\"alignnone size-medium wp-image-574\" src=\"http:\/\/quelaines-stemarie.fr\/wp-content\/uploads\/IMGP1443-300x225.jpg\" alt=\"imgp1443\" width=\"300\" height=\"225\" srcset=\"http:\/\/quelaines-stemarie.fr\/wp-content\/uploads\/IMGP1443-300x225.jpg 300w, http:\/\/quelaines-stemarie.fr\/wp-content\/uploads\/IMGP1443-768x576.jpg 768w, http:\/\/quelaines-stemarie.fr\/wp-content\/uploads\/IMGP1443-1024x768.jpg 1024w, http:\/\/quelaines-stemarie.fr\/wp-content\/uploads\/IMGP1443-200x150.jpg 200w, http:\/\/quelaines-stemarie.fr\/wp-content\/uploads\/IMGP1443-150x113.jpg 150w\" sizes=\"auto, (max-width: 300px) 100vw, 300px\" \/><\/p>\n","protected":false},"excerpt":{"rendered":"<p>Mercredi 21 septembre, nous avons accueilli Marc Lizano dans notre classe, c&#8217;est un illustrateur de bandes dessin\u00e9es pour la jeunesse. Avant sa visite, nous avions pu d\u00e9couvrir son travail au travers de &#8220;L&#8217;enfant cach\u00e9e&#8221; et la trilogie &#8220;La petite famille&#8221;. Nous avons pu lui poser toutes nos questions. Il a\u2026<\/p>\n<p class=\"continue-reading-button\"> <a class=\"continue-reading-link\" href=\"http:\/\/quelaines-stemarie.fr\/index.php\/2016\/09\/28\/rencontre-avec-un-illustrateur\/\">Lire la suite&#8230;<i class=\"crycon-right-dir\"><\/i><\/a><\/p>\n","protected":false},"author":5,"featured_media":0,"comment_status":"closed","ping_status":"closed","sticky":false,"template":"","format":"standard","meta":{"footnotes":""},"categories":[10],"tags":[],"class_list":["post-588","post","type-post","status-publish","format-standard","hentry","category-cat-actualites"],"_links":{"self":[{"href":"http:\/\/quelaines-stemarie.fr\/index.php\/wp-json\/wp\/v2\/posts\/588","targetHints":{"allow":["GET"]}}],"collection":[{"href":"http:\/\/quelaines-stemarie.fr\/index.php\/wp-json\/wp\/v2\/posts"}],"about":[{"href":"http:\/\/quelaines-stemarie.fr\/index.php\/wp-json\/wp\/v2\/types\/post"}],"author":[{"embeddable":true,"href":"http:\/\/quelaines-stemarie.fr\/index.php\/wp-json\/wp\/v2\/users\/5"}],"replies":[{"embeddable":true,"href":"http:\/\/quelaines-stemarie.fr\/index.php\/wp-json\/wp\/v2\/comments?post=588"}],"version-history":[{"count":5,"href":"http:\/\/quelaines-stemarie.fr\/index.php\/wp-json\/wp\/v2\/posts\/588\/revisions"}],"predecessor-version":[{"id":609,"href":"http:\/\/quelaines-stemarie.fr\/index.php\/wp-json\/wp\/v2\/posts\/588\/revisions\/609"}],"wp:attachment":[{"href":"http:\/\/quelaines-stemarie.fr\/index.php\/wp-json\/wp\/v2\/media?parent=588"}],"wp:term":[{"taxonomy":"category","embeddable":true,"href":"http:\/\/quelaines-stemarie.fr\/index.php\/wp-json\/wp\/v2\/categories?post=588"},{"taxonomy":"post_tag","embeddable":true,"href":"http:\/\/quelaines-stemarie.fr\/index.php\/wp-json\/wp\/v2\/tags?post=588"}],"curies":[{"name":"wp","href":"https:\/\/api.w.org\/{rel}","templated":true}]}}