{"id":693,"date":"2016-10-26T14:03:13","date_gmt":"2016-10-26T13:03:13","guid":{"rendered":"http:\/\/quelaines-stemarie.fr\/?p=693"},"modified":"2016-10-26T14:03:13","modified_gmt":"2016-10-26T13:03:13","slug":"retrouvailles","status":"publish","type":"post","link":"http:\/\/quelaines-stemarie.fr\/index.php\/2016\/10\/26\/retrouvailles\/","title":{"rendered":"Retrouvailles !"},"content":{"rendered":"<p>Mercredi 19 octobre, nous avons eu le plaisir de retrouver les copains qui ont fait leur rentr\u00e9e en 6\u00e8me cette ann\u00e9e. Apr\u00e8s les retrouvailles pendant la r\u00e9cr\u00e9ation, nous avons \u00e9chang\u00e9 sur leur entr\u00e9e au coll\u00e8ge. Les Cm2 avaient beaucoup de questions \u00e0 poser sur le car, les le\u00e7ons, l&#8217;orientation dans le coll\u00e8ge, les profs, les r\u00e9cr\u00e9ations, le self&#8230; Les coll\u00e9giens avaient apport\u00e9 divers documents : agenda, cahier de correspondance, cahier d&#8217;anglais, carte de car &#8230; Les discussions ont \u00e9t\u00e9 tr\u00e8s int\u00e9ressantes et la joie de se retrouver a rendu ce moment tr\u00e8s convivial !<\/p>\n<p><img loading=\"lazy\" decoding=\"async\" class=\"alignnone size-medium wp-image-694\" src=\"http:\/\/quelaines-stemarie.fr\/wp-content\/uploads\/IMG_20161019_111949-300x225.jpg\" alt=\"\" width=\"300\" height=\"225\" srcset=\"http:\/\/quelaines-stemarie.fr\/wp-content\/uploads\/IMG_20161019_111949-300x225.jpg 300w, http:\/\/quelaines-stemarie.fr\/wp-content\/uploads\/IMG_20161019_111949-768x576.jpg 768w, http:\/\/quelaines-stemarie.fr\/wp-content\/uploads\/IMG_20161019_111949-1024x768.jpg 1024w, http:\/\/quelaines-stemarie.fr\/wp-content\/uploads\/IMG_20161019_111949-200x150.jpg 200w, http:\/\/quelaines-stemarie.fr\/wp-content\/uploads\/IMG_20161019_111949-150x113.jpg 150w\" sizes=\"auto, (max-width: 300px) 100vw, 300px\" \/><\/p>\n","protected":false},"excerpt":{"rendered":"<p>Mercredi 19 octobre, nous avons eu le plaisir de retrouver les copains qui ont fait leur rentr\u00e9e en 6\u00e8me cette ann\u00e9e. Apr\u00e8s les retrouvailles pendant la r\u00e9cr\u00e9ation, nous avons \u00e9chang\u00e9 sur leur entr\u00e9e au coll\u00e8ge. Les Cm2 avaient beaucoup de questions \u00e0 poser sur le car, les le\u00e7ons, l&#8217;orientation dans\u2026<\/p>\n<p class=\"continue-reading-button\"> <a class=\"continue-reading-link\" href=\"http:\/\/quelaines-stemarie.fr\/index.php\/2016\/10\/26\/retrouvailles\/\">Lire la suite&#8230;<i class=\"crycon-right-dir\"><\/i><\/a><\/p>\n","protected":false},"author":5,"featured_media":0,"comment_status":"closed","ping_status":"closed","sticky":false,"template":"","format":"standard","meta":{"footnotes":""},"categories":[10,59],"tags":[],"class_list":["post-693","post","type-post","status-publish","format-standard","hentry","category-cat-actualites","category-cat-cm1cm2-2016"],"_links":{"self":[{"href":"http:\/\/quelaines-stemarie.fr\/index.php\/wp-json\/wp\/v2\/posts\/693","targetHints":{"allow":["GET"]}}],"collection":[{"href":"http:\/\/quelaines-stemarie.fr\/index.php\/wp-json\/wp\/v2\/posts"}],"about":[{"href":"http:\/\/quelaines-stemarie.fr\/index.php\/wp-json\/wp\/v2\/types\/post"}],"author":[{"embeddable":true,"href":"http:\/\/quelaines-stemarie.fr\/index.php\/wp-json\/wp\/v2\/users\/5"}],"replies":[{"embeddable":true,"href":"http:\/\/quelaines-stemarie.fr\/index.php\/wp-json\/wp\/v2\/comments?post=693"}],"version-history":[{"count":1,"href":"http:\/\/quelaines-stemarie.fr\/index.php\/wp-json\/wp\/v2\/posts\/693\/revisions"}],"predecessor-version":[{"id":695,"href":"http:\/\/quelaines-stemarie.fr\/index.php\/wp-json\/wp\/v2\/posts\/693\/revisions\/695"}],"wp:attachment":[{"href":"http:\/\/quelaines-stemarie.fr\/index.php\/wp-json\/wp\/v2\/media?parent=693"}],"wp:term":[{"taxonomy":"category","embeddable":true,"href":"http:\/\/quelaines-stemarie.fr\/index.php\/wp-json\/wp\/v2\/categories?post=693"},{"taxonomy":"post_tag","embeddable":true,"href":"http:\/\/quelaines-stemarie.fr\/index.php\/wp-json\/wp\/v2\/tags?post=693"}],"curies":[{"name":"wp","href":"https:\/\/api.w.org\/{rel}","templated":true}]}}