{"id":11058,"date":"2025-01-05T19:52:13","date_gmt":"2025-01-05T18:52:13","guid":{"rendered":"http:\/\/quelaines-stemarie.fr\/?p=11058"},"modified":"2025-01-09T20:04:01","modified_gmt":"2025-01-09T19:04:01","slug":"celebration","status":"publish","type":"post","link":"https:\/\/quelaines-stemarie.fr\/index.php\/2025\/01\/05\/celebration\/","title":{"rendered":"C\u00e9l\u00e9bration"},"content":{"rendered":"\n<p>Le lundi 18 d\u00e9cembre , l\u2019\u00e9cole enti\u00e8re a retrouv\u00e9 le P\u00e8re Dugu\u00e9 \u00e0 l\u2019\u00e9glise pour prier et chanter ensemble et \u00e9couter le conte des 3 arbres.<\/p>\n\n\n\n<p>Nous avons pu admirer la cr\u00e8che de tr\u00e8s pr\u00e8s !<\/p>\n\n\n\n<figure class=\"wp-block-image size-large\"><img loading=\"lazy\" decoding=\"async\" width=\"1024\" height=\"768\" src=\"http:\/\/quelaines-stemarie.fr\/wp-content\/uploads\/IMG_4843-1024x768.jpeg\" alt=\"\" class=\"wp-image-11059\" srcset=\"https:\/\/quelaines-stemarie.fr\/wp-content\/uploads\/IMG_4843-1024x768.jpeg 1024w, https:\/\/quelaines-stemarie.fr\/wp-content\/uploads\/IMG_4843-300x225.jpeg 300w, https:\/\/quelaines-stemarie.fr\/wp-content\/uploads\/IMG_4843-768x576.jpeg 768w, https:\/\/quelaines-stemarie.fr\/wp-content\/uploads\/IMG_4843-1536x1152.jpeg 1536w, https:\/\/quelaines-stemarie.fr\/wp-content\/uploads\/IMG_4843-2048x1536.jpeg 2048w, https:\/\/quelaines-stemarie.fr\/wp-content\/uploads\/IMG_4843-150x113.jpeg 150w\" sizes=\"auto, (max-width: 1024px) 100vw, 1024px\" \/><\/figure>\n\n\n\n<figure class=\"wp-block-image size-large\"><img loading=\"lazy\" decoding=\"async\" width=\"1024\" height=\"768\" src=\"http:\/\/quelaines-stemarie.fr\/wp-content\/uploads\/IMG_4867-1024x768.jpeg\" alt=\"\" class=\"wp-image-11060\" srcset=\"https:\/\/quelaines-stemarie.fr\/wp-content\/uploads\/IMG_4867-1024x768.jpeg 1024w, https:\/\/quelaines-stemarie.fr\/wp-content\/uploads\/IMG_4867-300x225.jpeg 300w, https:\/\/quelaines-stemarie.fr\/wp-content\/uploads\/IMG_4867-768x576.jpeg 768w, https:\/\/quelaines-stemarie.fr\/wp-content\/uploads\/IMG_4867-1536x1152.jpeg 1536w, https:\/\/quelaines-stemarie.fr\/wp-content\/uploads\/IMG_4867-150x113.jpeg 150w, https:\/\/quelaines-stemarie.fr\/wp-content\/uploads\/IMG_4867.jpeg 2000w\" sizes=\"auto, (max-width: 1024px) 100vw, 1024px\" \/><\/figure>\n\n\n\n<figure class=\"wp-block-image size-large\"><img loading=\"lazy\" decoding=\"async\" width=\"1024\" height=\"768\" src=\"http:\/\/quelaines-stemarie.fr\/wp-content\/uploads\/IMG_4844-1024x768.jpeg\" alt=\"\" class=\"wp-image-11061\" srcset=\"https:\/\/quelaines-stemarie.fr\/wp-content\/uploads\/IMG_4844-1024x768.jpeg 1024w, https:\/\/quelaines-stemarie.fr\/wp-content\/uploads\/IMG_4844-300x225.jpeg 300w, https:\/\/quelaines-stemarie.fr\/wp-content\/uploads\/IMG_4844-768x576.jpeg 768w, https:\/\/quelaines-stemarie.fr\/wp-content\/uploads\/IMG_4844-1536x1152.jpeg 1536w, https:\/\/quelaines-stemarie.fr\/wp-content\/uploads\/IMG_4844-2048x1536.jpeg 2048w, https:\/\/quelaines-stemarie.fr\/wp-content\/uploads\/IMG_4844-150x113.jpeg 150w\" sizes=\"auto, (max-width: 1024px) 100vw, 1024px\" \/><\/figure>\n\n\n\n<figure class=\"wp-block-image size-large\"><img loading=\"lazy\" decoding=\"async\" width=\"1024\" height=\"1024\" src=\"http:\/\/quelaines-stemarie.fr\/wp-content\/uploads\/IMG_4838-1024x1024.jpeg\" alt=\"\" class=\"wp-image-11062\" srcset=\"https:\/\/quelaines-stemarie.fr\/wp-content\/uploads\/IMG_4838-1024x1024.jpeg 1024w, https:\/\/quelaines-stemarie.fr\/wp-content\/uploads\/IMG_4838-300x300.jpeg 300w, https:\/\/quelaines-stemarie.fr\/wp-content\/uploads\/IMG_4838-150x150.jpeg 150w, https:\/\/quelaines-stemarie.fr\/wp-content\/uploads\/IMG_4838-768x768.jpeg 768w, https:\/\/quelaines-stemarie.fr\/wp-content\/uploads\/IMG_4838-1536x1536.jpeg 1536w, https:\/\/quelaines-stemarie.fr\/wp-content\/uploads\/IMG_4838-2048x2048.jpeg 2048w\" sizes=\"auto, (max-width: 1024px) 100vw, 1024px\" \/><\/figure>\n","protected":false},"excerpt":{"rendered":"<p>Le lundi 18 d\u00e9cembre , l\u2019\u00e9cole enti\u00e8re a retrouv\u00e9 le P\u00e8re Dugu\u00e9 \u00e0 l\u2019\u00e9glise pour prier et chanter ensemble et \u00e9couter le conte des 3 arbres. Nous avons pu admirer la cr\u00e8che de tr\u00e8s pr\u00e8s !<\/p>\n<p class=\"continue-reading-button\"> <a class=\"continue-reading-link\" href=\"https:\/\/quelaines-stemarie.fr\/index.php\/2025\/01\/05\/celebration\/\">Lire la suite&#8230;<i class=\"crycon-right-dir\"><\/i><\/a><\/p>\n","protected":false},"author":1,"featured_media":0,"comment_status":"closed","ping_status":"closed","sticky":false,"template":"","format":"standard","meta":{"footnotes":""},"categories":[10,294,296,293,292,291],"tags":[],"class_list":["post-11058","post","type-post","status-publish","format-standard","hentry","category-cat-actualites","category-ce2-cm1-de-pauline","category-cm2-de-sophie","category-ce1-ce2-de-pauline","category-gs-cp-de-sylvie","category-tps-ps-ms-de-jocelyne"],"_links":{"self":[{"href":"https:\/\/quelaines-stemarie.fr\/index.php\/wp-json\/wp\/v2\/posts\/11058","targetHints":{"allow":["GET"]}}],"collection":[{"href":"https:\/\/quelaines-stemarie.fr\/index.php\/wp-json\/wp\/v2\/posts"}],"about":[{"href":"https:\/\/quelaines-stemarie.fr\/index.php\/wp-json\/wp\/v2\/types\/post"}],"author":[{"embeddable":true,"href":"https:\/\/quelaines-stemarie.fr\/index.php\/wp-json\/wp\/v2\/users\/1"}],"replies":[{"embeddable":true,"href":"https:\/\/quelaines-stemarie.fr\/index.php\/wp-json\/wp\/v2\/comments?post=11058"}],"version-history":[{"count":2,"href":"https:\/\/quelaines-stemarie.fr\/index.php\/wp-json\/wp\/v2\/posts\/11058\/revisions"}],"predecessor-version":[{"id":11100,"href":"https:\/\/quelaines-stemarie.fr\/index.php\/wp-json\/wp\/v2\/posts\/11058\/revisions\/11100"}],"wp:attachment":[{"href":"https:\/\/quelaines-stemarie.fr\/index.php\/wp-json\/wp\/v2\/media?parent=11058"}],"wp:term":[{"taxonomy":"category","embeddable":true,"href":"https:\/\/quelaines-stemarie.fr\/index.php\/wp-json\/wp\/v2\/categories?post=11058"},{"taxonomy":"post_tag","embeddable":true,"href":"https:\/\/quelaines-stemarie.fr\/index.php\/wp-json\/wp\/v2\/tags?post=11058"}],"curies":[{"name":"wp","href":"https:\/\/api.w.org\/{rel}","templated":true}]}}