{"id":11065,"date":"2025-01-05T20:04:50","date_gmt":"2025-01-05T19:04:50","guid":{"rendered":"http:\/\/quelaines-stemarie.fr\/?p=11065"},"modified":"2025-01-05T20:04:51","modified_gmt":"2025-01-05T19:04:51","slug":"seance-marionnettes","status":"publish","type":"post","link":"https:\/\/quelaines-stemarie.fr\/index.php\/2025\/01\/05\/seance-marionnettes\/","title":{"rendered":"S\u00e9ance marionnettes"},"content":{"rendered":"\n<p>Vendredi 22 d\u00e9cembre, des personnes de la Paroisse sont venues nous pr\u00e9senter l\u2019histoire de Pelin le petit lapin , une autre fa\u00e7on d\u2019\u00e9voquer la belle histoire de No\u00ebl !<\/p>\n\n\n\n<p>Les enfants ont ador\u00e9 !<\/p>\n\n\n\n<p><\/p>\n\n\n\n<figure class=\"wp-block-image size-large\"><img loading=\"lazy\" decoding=\"async\" width=\"1024\" height=\"768\" src=\"http:\/\/quelaines-stemarie.fr\/wp-content\/uploads\/IMG_4915-1024x768.jpeg\" alt=\"\" class=\"wp-image-11068\" srcset=\"https:\/\/quelaines-stemarie.fr\/wp-content\/uploads\/IMG_4915-1024x768.jpeg 1024w, https:\/\/quelaines-stemarie.fr\/wp-content\/uploads\/IMG_4915-300x225.jpeg 300w, https:\/\/quelaines-stemarie.fr\/wp-content\/uploads\/IMG_4915-768x576.jpeg 768w, https:\/\/quelaines-stemarie.fr\/wp-content\/uploads\/IMG_4915-1536x1152.jpeg 1536w, https:\/\/quelaines-stemarie.fr\/wp-content\/uploads\/IMG_4915-2048x1536.jpeg 2048w, https:\/\/quelaines-stemarie.fr\/wp-content\/uploads\/IMG_4915-150x113.jpeg 150w\" sizes=\"auto, (max-width: 1024px) 100vw, 1024px\" \/><\/figure>\n\n\n\n<figure class=\"wp-block-image size-large\"><img loading=\"lazy\" decoding=\"async\" width=\"1024\" height=\"768\" src=\"http:\/\/quelaines-stemarie.fr\/wp-content\/uploads\/IMG_4924-1024x768.jpeg\" alt=\"\" class=\"wp-image-11069\" srcset=\"https:\/\/quelaines-stemarie.fr\/wp-content\/uploads\/IMG_4924-1024x768.jpeg 1024w, https:\/\/quelaines-stemarie.fr\/wp-content\/uploads\/IMG_4924-300x225.jpeg 300w, https:\/\/quelaines-stemarie.fr\/wp-content\/uploads\/IMG_4924-768x576.jpeg 768w, https:\/\/quelaines-stemarie.fr\/wp-content\/uploads\/IMG_4924-1536x1152.jpeg 1536w, https:\/\/quelaines-stemarie.fr\/wp-content\/uploads\/IMG_4924-2048x1536.jpeg 2048w, https:\/\/quelaines-stemarie.fr\/wp-content\/uploads\/IMG_4924-150x113.jpeg 150w\" sizes=\"auto, (max-width: 1024px) 100vw, 1024px\" \/><\/figure>\n\n\n\n<figure class=\"wp-block-image size-large\"><img loading=\"lazy\" decoding=\"async\" width=\"1024\" height=\"768\" src=\"http:\/\/quelaines-stemarie.fr\/wp-content\/uploads\/IMG_4926-1024x768.jpeg\" alt=\"\" class=\"wp-image-11070\" srcset=\"https:\/\/quelaines-stemarie.fr\/wp-content\/uploads\/IMG_4926-1024x768.jpeg 1024w, https:\/\/quelaines-stemarie.fr\/wp-content\/uploads\/IMG_4926-300x225.jpeg 300w, https:\/\/quelaines-stemarie.fr\/wp-content\/uploads\/IMG_4926-768x576.jpeg 768w, https:\/\/quelaines-stemarie.fr\/wp-content\/uploads\/IMG_4926-1536x1152.jpeg 1536w, https:\/\/quelaines-stemarie.fr\/wp-content\/uploads\/IMG_4926-2048x1536.jpeg 2048w, https:\/\/quelaines-stemarie.fr\/wp-content\/uploads\/IMG_4926-150x113.jpeg 150w\" sizes=\"auto, (max-width: 1024px) 100vw, 1024px\" \/><\/figure>\n","protected":false},"excerpt":{"rendered":"<p>Vendredi 22 d\u00e9cembre, des personnes de la Paroisse sont venues nous pr\u00e9senter l\u2019histoire de Pelin le petit lapin , une autre fa\u00e7on d\u2019\u00e9voquer la belle histoire de No\u00ebl ! Les enfants ont ador\u00e9 !<\/p>\n<p class=\"continue-reading-button\"> <a class=\"continue-reading-link\" href=\"https:\/\/quelaines-stemarie.fr\/index.php\/2025\/01\/05\/seance-marionnettes\/\">Lire la suite&#8230;<i class=\"crycon-right-dir\"><\/i><\/a><\/p>\n","protected":false},"author":1,"featured_media":0,"comment_status":"closed","ping_status":"closed","sticky":false,"template":"","format":"standard","meta":{"footnotes":""},"categories":[10,291],"tags":[],"class_list":["post-11065","post","type-post","status-publish","format-standard","hentry","category-cat-actualites","category-tps-ps-ms-de-jocelyne"],"_links":{"self":[{"href":"https:\/\/quelaines-stemarie.fr\/index.php\/wp-json\/wp\/v2\/posts\/11065","targetHints":{"allow":["GET"]}}],"collection":[{"href":"https:\/\/quelaines-stemarie.fr\/index.php\/wp-json\/wp\/v2\/posts"}],"about":[{"href":"https:\/\/quelaines-stemarie.fr\/index.php\/wp-json\/wp\/v2\/types\/post"}],"author":[{"embeddable":true,"href":"https:\/\/quelaines-stemarie.fr\/index.php\/wp-json\/wp\/v2\/users\/1"}],"replies":[{"embeddable":true,"href":"https:\/\/quelaines-stemarie.fr\/index.php\/wp-json\/wp\/v2\/comments?post=11065"}],"version-history":[{"count":1,"href":"https:\/\/quelaines-stemarie.fr\/index.php\/wp-json\/wp\/v2\/posts\/11065\/revisions"}],"predecessor-version":[{"id":11071,"href":"https:\/\/quelaines-stemarie.fr\/index.php\/wp-json\/wp\/v2\/posts\/11065\/revisions\/11071"}],"wp:attachment":[{"href":"https:\/\/quelaines-stemarie.fr\/index.php\/wp-json\/wp\/v2\/media?parent=11065"}],"wp:term":[{"taxonomy":"category","embeddable":true,"href":"https:\/\/quelaines-stemarie.fr\/index.php\/wp-json\/wp\/v2\/categories?post=11065"},{"taxonomy":"post_tag","embeddable":true,"href":"https:\/\/quelaines-stemarie.fr\/index.php\/wp-json\/wp\/v2\/tags?post=11065"}],"curies":[{"name":"wp","href":"https:\/\/api.w.org\/{rel}","templated":true}]}}