{"id":11137,"date":"2025-01-19T17:44:18","date_gmt":"2025-01-19T16:44:18","guid":{"rendered":"http:\/\/quelaines-stemarie.fr\/?p=11137"},"modified":"2025-01-19T17:44:19","modified_gmt":"2025-01-19T16:44:19","slug":"voeux-aux-residents-du-mottais","status":"publish","type":"post","link":"https:\/\/quelaines-stemarie.fr\/index.php\/2025\/01\/19\/voeux-aux-residents-du-mottais\/","title":{"rendered":"Voeux aux r\u00e9sidents du Mottais"},"content":{"rendered":"\n<p>Le jeudi 16 janvier, nous sommes all\u00e9s pr\u00e9senter nos voeux aux r\u00e9sidents du Mottais ; nous avons dit \u00a0\u00ab\u00a0Bonne ann\u00e9e\u00a0\u00bb avec comptine, chanson et danse .<\/p>\n\n\n\n<p>Un bon moment pour bien commencer l\u2019ann\u00e9e!<\/p>\n\n\n\n<p><\/p>\n\n\n\n<figure class=\"wp-block-image size-large\"><img loading=\"lazy\" decoding=\"async\" width=\"1024\" height=\"768\" src=\"http:\/\/quelaines-stemarie.fr\/wp-content\/uploads\/26504703-ec37-4f94-b0f2-4c11e873eae8-1024x768.jpeg\" alt=\"\" class=\"wp-image-11140\" srcset=\"https:\/\/quelaines-stemarie.fr\/wp-content\/uploads\/26504703-ec37-4f94-b0f2-4c11e873eae8-1024x768.jpeg 1024w, https:\/\/quelaines-stemarie.fr\/wp-content\/uploads\/26504703-ec37-4f94-b0f2-4c11e873eae8-300x225.jpeg 300w, https:\/\/quelaines-stemarie.fr\/wp-content\/uploads\/26504703-ec37-4f94-b0f2-4c11e873eae8-768x576.jpeg 768w, https:\/\/quelaines-stemarie.fr\/wp-content\/uploads\/26504703-ec37-4f94-b0f2-4c11e873eae8-1536x1152.jpeg 1536w, https:\/\/quelaines-stemarie.fr\/wp-content\/uploads\/26504703-ec37-4f94-b0f2-4c11e873eae8-150x113.jpeg 150w, https:\/\/quelaines-stemarie.fr\/wp-content\/uploads\/26504703-ec37-4f94-b0f2-4c11e873eae8.jpeg 2048w\" sizes=\"auto, (max-width: 1024px) 100vw, 1024px\" \/><\/figure>\n\n\n\n<figure class=\"wp-block-image size-large\"><img loading=\"lazy\" decoding=\"async\" width=\"1024\" height=\"771\" src=\"http:\/\/quelaines-stemarie.fr\/wp-content\/uploads\/597cbc14-2896-4c80-a3b8-1baf0c52b7f9-1024x771.jpeg\" alt=\"\" class=\"wp-image-11141\" srcset=\"https:\/\/quelaines-stemarie.fr\/wp-content\/uploads\/597cbc14-2896-4c80-a3b8-1baf0c52b7f9-1024x771.jpeg 1024w, https:\/\/quelaines-stemarie.fr\/wp-content\/uploads\/597cbc14-2896-4c80-a3b8-1baf0c52b7f9-300x226.jpeg 300w, https:\/\/quelaines-stemarie.fr\/wp-content\/uploads\/597cbc14-2896-4c80-a3b8-1baf0c52b7f9-768x578.jpeg 768w, https:\/\/quelaines-stemarie.fr\/wp-content\/uploads\/597cbc14-2896-4c80-a3b8-1baf0c52b7f9-1536x1156.jpeg 1536w, https:\/\/quelaines-stemarie.fr\/wp-content\/uploads\/597cbc14-2896-4c80-a3b8-1baf0c52b7f9-150x113.jpeg 150w, https:\/\/quelaines-stemarie.fr\/wp-content\/uploads\/597cbc14-2896-4c80-a3b8-1baf0c52b7f9.jpeg 1600w\" sizes=\"auto, (max-width: 1024px) 100vw, 1024px\" \/><\/figure>\n\n\n\n<figure class=\"wp-block-image size-large\"><img loading=\"lazy\" decoding=\"async\" width=\"1024\" height=\"768\" src=\"http:\/\/quelaines-stemarie.fr\/wp-content\/uploads\/IMG_5472-1024x768.jpeg\" alt=\"\" class=\"wp-image-11142\" srcset=\"https:\/\/quelaines-stemarie.fr\/wp-content\/uploads\/IMG_5472-1024x768.jpeg 1024w, https:\/\/quelaines-stemarie.fr\/wp-content\/uploads\/IMG_5472-300x225.jpeg 300w, https:\/\/quelaines-stemarie.fr\/wp-content\/uploads\/IMG_5472-768x576.jpeg 768w, https:\/\/quelaines-stemarie.fr\/wp-content\/uploads\/IMG_5472-1536x1152.jpeg 1536w, https:\/\/quelaines-stemarie.fr\/wp-content\/uploads\/IMG_5472-2048x1536.jpeg 2048w, https:\/\/quelaines-stemarie.fr\/wp-content\/uploads\/IMG_5472-150x113.jpeg 150w\" sizes=\"auto, (max-width: 1024px) 100vw, 1024px\" \/><\/figure>\n","protected":false},"excerpt":{"rendered":"<p>Le jeudi 16 janvier, nous sommes all\u00e9s pr\u00e9senter nos voeux aux r\u00e9sidents du Mottais ; nous avons dit \u00a0\u00ab\u00a0Bonne ann\u00e9e\u00a0\u00bb avec comptine, chanson et danse . Un bon moment pour bien commencer l\u2019ann\u00e9e!<\/p>\n<p class=\"continue-reading-button\"> <a class=\"continue-reading-link\" href=\"https:\/\/quelaines-stemarie.fr\/index.php\/2025\/01\/19\/voeux-aux-residents-du-mottais\/\">Lire la suite&#8230;<i class=\"crycon-right-dir\"><\/i><\/a><\/p>\n","protected":false},"author":1,"featured_media":0,"comment_status":"closed","ping_status":"closed","sticky":false,"template":"","format":"standard","meta":{"footnotes":""},"categories":[10,291],"tags":[],"class_list":["post-11137","post","type-post","status-publish","format-standard","hentry","category-cat-actualites","category-tps-ps-ms-de-jocelyne"],"_links":{"self":[{"href":"https:\/\/quelaines-stemarie.fr\/index.php\/wp-json\/wp\/v2\/posts\/11137","targetHints":{"allow":["GET"]}}],"collection":[{"href":"https:\/\/quelaines-stemarie.fr\/index.php\/wp-json\/wp\/v2\/posts"}],"about":[{"href":"https:\/\/quelaines-stemarie.fr\/index.php\/wp-json\/wp\/v2\/types\/post"}],"author":[{"embeddable":true,"href":"https:\/\/quelaines-stemarie.fr\/index.php\/wp-json\/wp\/v2\/users\/1"}],"replies":[{"embeddable":true,"href":"https:\/\/quelaines-stemarie.fr\/index.php\/wp-json\/wp\/v2\/comments?post=11137"}],"version-history":[{"count":1,"href":"https:\/\/quelaines-stemarie.fr\/index.php\/wp-json\/wp\/v2\/posts\/11137\/revisions"}],"predecessor-version":[{"id":11143,"href":"https:\/\/quelaines-stemarie.fr\/index.php\/wp-json\/wp\/v2\/posts\/11137\/revisions\/11143"}],"wp:attachment":[{"href":"https:\/\/quelaines-stemarie.fr\/index.php\/wp-json\/wp\/v2\/media?parent=11137"}],"wp:term":[{"taxonomy":"category","embeddable":true,"href":"https:\/\/quelaines-stemarie.fr\/index.php\/wp-json\/wp\/v2\/categories?post=11137"},{"taxonomy":"post_tag","embeddable":true,"href":"https:\/\/quelaines-stemarie.fr\/index.php\/wp-json\/wp\/v2\/tags?post=11137"}],"curies":[{"name":"wp","href":"https:\/\/api.w.org\/{rel}","templated":true}]}}