{"id":11186,"date":"2025-01-31T18:05:40","date_gmt":"2025-01-31T17:05:40","guid":{"rendered":"https:\/\/quelaines-stemarie.fr\/?p=11186"},"modified":"2025-01-31T18:05:41","modified_gmt":"2025-01-31T17:05:41","slug":"sensibilisation-au-don-du-sang","status":"publish","type":"post","link":"https:\/\/quelaines-stemarie.fr\/index.php\/2025\/01\/31\/sensibilisation-au-don-du-sang\/","title":{"rendered":"Sensibilisation au don du sang"},"content":{"rendered":"\n<p>Mardi 28 janvier, nous avons accueilli 4 b\u00e9n\u00e9voles de l&#8217;ADSB (Association des Donneurs de Sang B\u00e9n\u00e9voles) pour une sensibilisation au don du sang. Les enfants ont \u00e9t\u00e9 r\u00e9ceptifs et tr\u00e8s curieux.<\/p>\n\n\n\n<p>La prochaine collecte a lieu \u00e0 Quelaines le vendredi 7 f\u00e9vrier, les enfants sont invit\u00e9s \u00e0 y accompagner leur parents s&#8217;ils le souhaitent et \u00e0 partager ensemble la collation qui suit le don.<\/p>\n\n\n\n<figure class=\"wp-block-image size-large\"><img loading=\"lazy\" decoding=\"async\" width=\"1024\" height=\"768\" src=\"https:\/\/quelaines-stemarie.fr\/wp-content\/uploads\/IMG_5653-1024x768.jpeg\" alt=\"\" class=\"wp-image-11187\" srcset=\"https:\/\/quelaines-stemarie.fr\/wp-content\/uploads\/IMG_5653-1024x768.jpeg 1024w, https:\/\/quelaines-stemarie.fr\/wp-content\/uploads\/IMG_5653-300x225.jpeg 300w, https:\/\/quelaines-stemarie.fr\/wp-content\/uploads\/IMG_5653-768x576.jpeg 768w, https:\/\/quelaines-stemarie.fr\/wp-content\/uploads\/IMG_5653-1536x1152.jpeg 1536w, https:\/\/quelaines-stemarie.fr\/wp-content\/uploads\/IMG_5653-150x113.jpeg 150w, https:\/\/quelaines-stemarie.fr\/wp-content\/uploads\/IMG_5653.jpeg 2048w\" sizes=\"auto, (max-width: 1024px) 100vw, 1024px\" \/><\/figure>\n","protected":false},"excerpt":{"rendered":"<p>Mardi 28 janvier, nous avons accueilli 4 b\u00e9n\u00e9voles de l&#8217;ADSB (Association des Donneurs de Sang B\u00e9n\u00e9voles) pour une sensibilisation au don du sang. Les enfants ont \u00e9t\u00e9 r\u00e9ceptifs et tr\u00e8s curieux. La prochaine collecte a lieu \u00e0 Quelaines le vendredi 7 f\u00e9vrier, les enfants sont invit\u00e9s \u00e0 y accompagner leur\u2026<\/p>\n<p class=\"continue-reading-button\"> <a class=\"continue-reading-link\" href=\"https:\/\/quelaines-stemarie.fr\/index.php\/2025\/01\/31\/sensibilisation-au-don-du-sang\/\">Lire la suite&#8230;<i class=\"crycon-right-dir\"><\/i><\/a><\/p>\n","protected":false},"author":5,"featured_media":11187,"comment_status":"closed","ping_status":"closed","sticky":false,"template":"","format":"standard","meta":{"footnotes":""},"categories":[10,296],"tags":[],"class_list":["post-11186","post","type-post","status-publish","format-standard","has-post-thumbnail","hentry","category-cat-actualites","category-cm2-de-sophie"],"_links":{"self":[{"href":"https:\/\/quelaines-stemarie.fr\/index.php\/wp-json\/wp\/v2\/posts\/11186","targetHints":{"allow":["GET"]}}],"collection":[{"href":"https:\/\/quelaines-stemarie.fr\/index.php\/wp-json\/wp\/v2\/posts"}],"about":[{"href":"https:\/\/quelaines-stemarie.fr\/index.php\/wp-json\/wp\/v2\/types\/post"}],"author":[{"embeddable":true,"href":"https:\/\/quelaines-stemarie.fr\/index.php\/wp-json\/wp\/v2\/users\/5"}],"replies":[{"embeddable":true,"href":"https:\/\/quelaines-stemarie.fr\/index.php\/wp-json\/wp\/v2\/comments?post=11186"}],"version-history":[{"count":1,"href":"https:\/\/quelaines-stemarie.fr\/index.php\/wp-json\/wp\/v2\/posts\/11186\/revisions"}],"predecessor-version":[{"id":11188,"href":"https:\/\/quelaines-stemarie.fr\/index.php\/wp-json\/wp\/v2\/posts\/11186\/revisions\/11188"}],"wp:featuredmedia":[{"embeddable":true,"href":"https:\/\/quelaines-stemarie.fr\/index.php\/wp-json\/wp\/v2\/media\/11187"}],"wp:attachment":[{"href":"https:\/\/quelaines-stemarie.fr\/index.php\/wp-json\/wp\/v2\/media?parent=11186"}],"wp:term":[{"taxonomy":"category","embeddable":true,"href":"https:\/\/quelaines-stemarie.fr\/index.php\/wp-json\/wp\/v2\/categories?post=11186"},{"taxonomy":"post_tag","embeddable":true,"href":"https:\/\/quelaines-stemarie.fr\/index.php\/wp-json\/wp\/v2\/tags?post=11186"}],"curies":[{"name":"wp","href":"https:\/\/api.w.org\/{rel}","templated":true}]}}