{"id":11190,"date":"2025-02-13T18:19:40","date_gmt":"2025-02-13T17:19:40","guid":{"rendered":"http:\/\/quelaines-stemarie.fr\/?p=11190"},"modified":"2025-02-13T18:19:40","modified_gmt":"2025-02-13T17:19:40","slug":"formation-mpp","status":"publish","type":"post","link":"https:\/\/quelaines-stemarie.fr\/index.php\/2025\/02\/13\/formation-mpp\/","title":{"rendered":"Formation MPP"},"content":{"rendered":"\n<p>En ce d\u00e9but de vacances, deux journ\u00e9es intenses de formation \u00e0 la M\u00e9thode de Pr\u00e9occupation Partag\u00e9e (MPP) par le centre ReSIS avec le coll\u00e8ge St Joseph.<\/p>\n\n\n\n<p>Une \u00e9quipe Ressources pour notre \u00e9cole s\u2019est constitu\u00e9e et s\u2019appuiera sur des valeurs \u00e9ducatives fortes: le respect des \u00e9l\u00e8ves et la croyance en leur capacit\u00e9 \u00e0 devenir meilleurs.<\/p>\n\n\n\n<figure class=\"wp-block-image size-large\"><img loading=\"lazy\" decoding=\"async\" width=\"1024\" height=\"771\" src=\"http:\/\/quelaines-stemarie.fr\/wp-content\/uploads\/IMG_5709-1024x771.jpeg\" alt=\"\" class=\"wp-image-11191\" srcset=\"https:\/\/quelaines-stemarie.fr\/wp-content\/uploads\/IMG_5709-1024x771.jpeg 1024w, https:\/\/quelaines-stemarie.fr\/wp-content\/uploads\/IMG_5709-300x226.jpeg 300w, https:\/\/quelaines-stemarie.fr\/wp-content\/uploads\/IMG_5709-768x578.jpeg 768w, https:\/\/quelaines-stemarie.fr\/wp-content\/uploads\/IMG_5709-150x113.jpeg 150w, https:\/\/quelaines-stemarie.fr\/wp-content\/uploads\/IMG_5709.jpeg 1500w\" sizes=\"auto, (max-width: 1024px) 100vw, 1024px\" \/><\/figure>\n\n\n\n<figure class=\"wp-block-image size-large\"><img loading=\"lazy\" decoding=\"async\" width=\"1024\" height=\"768\" src=\"http:\/\/quelaines-stemarie.fr\/wp-content\/uploads\/IMG_5679-1024x768.jpeg\" alt=\"\" class=\"wp-image-11192\" srcset=\"https:\/\/quelaines-stemarie.fr\/wp-content\/uploads\/IMG_5679-1024x768.jpeg 1024w, https:\/\/quelaines-stemarie.fr\/wp-content\/uploads\/IMG_5679-300x225.jpeg 300w, https:\/\/quelaines-stemarie.fr\/wp-content\/uploads\/IMG_5679-768x576.jpeg 768w, https:\/\/quelaines-stemarie.fr\/wp-content\/uploads\/IMG_5679-1536x1152.jpeg 1536w, https:\/\/quelaines-stemarie.fr\/wp-content\/uploads\/IMG_5679-2048x1536.jpeg 2048w, https:\/\/quelaines-stemarie.fr\/wp-content\/uploads\/IMG_5679-150x113.jpeg 150w\" sizes=\"auto, (max-width: 1024px) 100vw, 1024px\" \/><\/figure>\n","protected":false},"excerpt":{"rendered":"<p>En ce d\u00e9but de vacances, deux journ\u00e9es intenses de formation \u00e0 la M\u00e9thode de Pr\u00e9occupation Partag\u00e9e (MPP) par le centre ReSIS avec le coll\u00e8ge St Joseph. Une \u00e9quipe Ressources pour notre \u00e9cole s\u2019est constitu\u00e9e et s\u2019appuiera sur des valeurs \u00e9ducatives fortes: le respect des \u00e9l\u00e8ves et la croyance en leur\u2026<\/p>\n<p class=\"continue-reading-button\"> <a class=\"continue-reading-link\" href=\"https:\/\/quelaines-stemarie.fr\/index.php\/2025\/02\/13\/formation-mpp\/\">Lire la suite&#8230;<i class=\"crycon-right-dir\"><\/i><\/a><\/p>\n","protected":false},"author":1,"featured_media":0,"comment_status":"closed","ping_status":"closed","sticky":false,"template":"","format":"standard","meta":{"footnotes":""},"categories":[10,294,296,293,292,291],"tags":[],"class_list":["post-11190","post","type-post","status-publish","format-standard","hentry","category-cat-actualites","category-ce2-cm1-de-pauline","category-cm2-de-sophie","category-ce1-ce2-de-pauline","category-gs-cp-de-sylvie","category-tps-ps-ms-de-jocelyne"],"_links":{"self":[{"href":"https:\/\/quelaines-stemarie.fr\/index.php\/wp-json\/wp\/v2\/posts\/11190","targetHints":{"allow":["GET"]}}],"collection":[{"href":"https:\/\/quelaines-stemarie.fr\/index.php\/wp-json\/wp\/v2\/posts"}],"about":[{"href":"https:\/\/quelaines-stemarie.fr\/index.php\/wp-json\/wp\/v2\/types\/post"}],"author":[{"embeddable":true,"href":"https:\/\/quelaines-stemarie.fr\/index.php\/wp-json\/wp\/v2\/users\/1"}],"replies":[{"embeddable":true,"href":"https:\/\/quelaines-stemarie.fr\/index.php\/wp-json\/wp\/v2\/comments?post=11190"}],"version-history":[{"count":1,"href":"https:\/\/quelaines-stemarie.fr\/index.php\/wp-json\/wp\/v2\/posts\/11190\/revisions"}],"predecessor-version":[{"id":11193,"href":"https:\/\/quelaines-stemarie.fr\/index.php\/wp-json\/wp\/v2\/posts\/11190\/revisions\/11193"}],"wp:attachment":[{"href":"https:\/\/quelaines-stemarie.fr\/index.php\/wp-json\/wp\/v2\/media?parent=11190"}],"wp:term":[{"taxonomy":"category","embeddable":true,"href":"https:\/\/quelaines-stemarie.fr\/index.php\/wp-json\/wp\/v2\/categories?post=11190"},{"taxonomy":"post_tag","embeddable":true,"href":"https:\/\/quelaines-stemarie.fr\/index.php\/wp-json\/wp\/v2\/tags?post=11190"}],"curies":[{"name":"wp","href":"https:\/\/api.w.org\/{rel}","templated":true}]}}