{"id":11544,"date":"2025-10-22T07:53:59","date_gmt":"2025-10-22T06:53:59","guid":{"rendered":"https:\/\/quelaines-stemarie.fr\/?p=11544"},"modified":"2025-10-22T07:53:59","modified_gmt":"2025-10-22T06:53:59","slug":"cross-du-resco","status":"publish","type":"post","link":"https:\/\/quelaines-stemarie.fr\/index.php\/2025\/10\/22\/cross-du-resco\/","title":{"rendered":"Cross du RESCO"},"content":{"rendered":"\n<p>Vendredi 17 octobre, les \u00e9l\u00e8ves de primaire de l\u2019\u00e9cole ont particip\u00e9 au traditionnel cross du RESCO. Tous les enfants du secteur du CP \u00e0 la 3<sup>\u00e8me<\/sup> se sont retrouv\u00e9s au parc de Coss\u00e9 pour partager un moment sportif et solidaire.<\/p>\n\n\n\n<figure class=\"wp-block-gallery has-nested-images columns-default is-cropped wp-block-gallery-1 is-layout-flex wp-block-gallery-is-layout-flex\">\n<figure class=\"wp-block-image size-large\"><img loading=\"lazy\" decoding=\"async\" width=\"768\" height=\"1024\" data-id=\"11546\" src=\"https:\/\/quelaines-stemarie.fr\/wp-content\/uploads\/0ddf95dc-9894-4e78-a5d3-4249bb15e94a-1-768x1024.jpg\" alt=\"\" class=\"wp-image-11546\" srcset=\"https:\/\/quelaines-stemarie.fr\/wp-content\/uploads\/0ddf95dc-9894-4e78-a5d3-4249bb15e94a-1-768x1024.jpg 768w, https:\/\/quelaines-stemarie.fr\/wp-content\/uploads\/0ddf95dc-9894-4e78-a5d3-4249bb15e94a-1-225x300.jpg 225w, https:\/\/quelaines-stemarie.fr\/wp-content\/uploads\/0ddf95dc-9894-4e78-a5d3-4249bb15e94a-1-1152x1536.jpg 1152w, https:\/\/quelaines-stemarie.fr\/wp-content\/uploads\/0ddf95dc-9894-4e78-a5d3-4249bb15e94a-1-113x150.jpg 113w, https:\/\/quelaines-stemarie.fr\/wp-content\/uploads\/0ddf95dc-9894-4e78-a5d3-4249bb15e94a-1.jpg 1530w\" sizes=\"auto, (max-width: 768px) 100vw, 768px\" \/><\/figure>\n\n\n\n<figure class=\"wp-block-image size-large\"><img loading=\"lazy\" decoding=\"async\" width=\"1024\" height=\"768\" data-id=\"11549\" src=\"https:\/\/quelaines-stemarie.fr\/wp-content\/uploads\/1000060911-1024x768.jpg\" alt=\"\" class=\"wp-image-11549\" srcset=\"https:\/\/quelaines-stemarie.fr\/wp-content\/uploads\/1000060911-1024x768.jpg 1024w, https:\/\/quelaines-stemarie.fr\/wp-content\/uploads\/1000060911-300x225.jpg 300w, https:\/\/quelaines-stemarie.fr\/wp-content\/uploads\/1000060911-768x576.jpg 768w, https:\/\/quelaines-stemarie.fr\/wp-content\/uploads\/1000060911-1536x1152.jpg 1536w, https:\/\/quelaines-stemarie.fr\/wp-content\/uploads\/1000060911-2048x1536.jpg 2048w, https:\/\/quelaines-stemarie.fr\/wp-content\/uploads\/1000060911-150x113.jpg 150w\" sizes=\"auto, (max-width: 1024px) 100vw, 1024px\" \/><\/figure>\n\n\n\n<figure class=\"wp-block-image size-large\"><img loading=\"lazy\" decoding=\"async\" width=\"768\" height=\"1024\" data-id=\"11548\" src=\"https:\/\/quelaines-stemarie.fr\/wp-content\/uploads\/1000060918-768x1024.jpg\" alt=\"\" class=\"wp-image-11548\" srcset=\"https:\/\/quelaines-stemarie.fr\/wp-content\/uploads\/1000060918-768x1024.jpg 768w, https:\/\/quelaines-stemarie.fr\/wp-content\/uploads\/1000060918-225x300.jpg 225w, https:\/\/quelaines-stemarie.fr\/wp-content\/uploads\/1000060918-1152x1536.jpg 1152w, https:\/\/quelaines-stemarie.fr\/wp-content\/uploads\/1000060918-1536x2048.jpg 1536w, https:\/\/quelaines-stemarie.fr\/wp-content\/uploads\/1000060918-113x150.jpg 113w, https:\/\/quelaines-stemarie.fr\/wp-content\/uploads\/1000060918-scaled.jpg 1920w\" sizes=\"auto, (max-width: 768px) 100vw, 768px\" \/><\/figure>\n\n\n\n<figure class=\"wp-block-image size-large\"><img loading=\"lazy\" decoding=\"async\" width=\"1024\" height=\"768\" data-id=\"11547\" src=\"https:\/\/quelaines-stemarie.fr\/wp-content\/uploads\/IMG_9409-1024x768.jpeg\" alt=\"\" class=\"wp-image-11547\" srcset=\"https:\/\/quelaines-stemarie.fr\/wp-content\/uploads\/IMG_9409-1024x768.jpeg 1024w, https:\/\/quelaines-stemarie.fr\/wp-content\/uploads\/IMG_9409-300x225.jpeg 300w, https:\/\/quelaines-stemarie.fr\/wp-content\/uploads\/IMG_9409-768x576.jpeg 768w, https:\/\/quelaines-stemarie.fr\/wp-content\/uploads\/IMG_9409-1536x1152.jpeg 1536w, https:\/\/quelaines-stemarie.fr\/wp-content\/uploads\/IMG_9409-150x113.jpeg 150w, https:\/\/quelaines-stemarie.fr\/wp-content\/uploads\/IMG_9409.jpeg 2048w\" sizes=\"auto, (max-width: 1024px) 100vw, 1024px\" \/><\/figure>\n<\/figure>\n","protected":false},"excerpt":{"rendered":"<p>Vendredi 17 octobre, les \u00e9l\u00e8ves de primaire de l\u2019\u00e9cole ont particip\u00e9 au traditionnel cross du RESCO. Tous les enfants du secteur du CP \u00e0 la 3\u00e8me se sont retrouv\u00e9s au parc de Coss\u00e9 pour partager un moment sportif et solidaire.<\/p>\n<p class=\"continue-reading-button\"> <a class=\"continue-reading-link\" href=\"https:\/\/quelaines-stemarie.fr\/index.php\/2025\/10\/22\/cross-du-resco\/\">Lire la suite&#8230;<i class=\"crycon-right-dir\"><\/i><\/a><\/p>\n","protected":false},"author":5,"featured_media":11548,"comment_status":"closed","ping_status":"closed","sticky":false,"template":"","format":"standard","meta":{"footnotes":""},"categories":[10,294,296,293,292],"tags":[],"class_list":["post-11544","post","type-post","status-publish","format-standard","has-post-thumbnail","hentry","category-cat-actualites","category-ce2-cm1-de-pauline","category-cm2-de-sophie","category-ce1-ce2-de-pauline","category-gs-cp-de-sylvie"],"_links":{"self":[{"href":"https:\/\/quelaines-stemarie.fr\/index.php\/wp-json\/wp\/v2\/posts\/11544","targetHints":{"allow":["GET"]}}],"collection":[{"href":"https:\/\/quelaines-stemarie.fr\/index.php\/wp-json\/wp\/v2\/posts"}],"about":[{"href":"https:\/\/quelaines-stemarie.fr\/index.php\/wp-json\/wp\/v2\/types\/post"}],"author":[{"embeddable":true,"href":"https:\/\/quelaines-stemarie.fr\/index.php\/wp-json\/wp\/v2\/users\/5"}],"replies":[{"embeddable":true,"href":"https:\/\/quelaines-stemarie.fr\/index.php\/wp-json\/wp\/v2\/comments?post=11544"}],"version-history":[{"count":1,"href":"https:\/\/quelaines-stemarie.fr\/index.php\/wp-json\/wp\/v2\/posts\/11544\/revisions"}],"predecessor-version":[{"id":11550,"href":"https:\/\/quelaines-stemarie.fr\/index.php\/wp-json\/wp\/v2\/posts\/11544\/revisions\/11550"}],"wp:featuredmedia":[{"embeddable":true,"href":"https:\/\/quelaines-stemarie.fr\/index.php\/wp-json\/wp\/v2\/media\/11548"}],"wp:attachment":[{"href":"https:\/\/quelaines-stemarie.fr\/index.php\/wp-json\/wp\/v2\/media?parent=11544"}],"wp:term":[{"taxonomy":"category","embeddable":true,"href":"https:\/\/quelaines-stemarie.fr\/index.php\/wp-json\/wp\/v2\/categories?post=11544"},{"taxonomy":"post_tag","embeddable":true,"href":"https:\/\/quelaines-stemarie.fr\/index.php\/wp-json\/wp\/v2\/tags?post=11544"}],"curies":[{"name":"wp","href":"https:\/\/api.w.org\/{rel}","templated":true}]}}