{"id":11600,"date":"2026-01-21T17:03:34","date_gmt":"2026-01-21T16:03:34","guid":{"rendered":"https:\/\/quelaines-stemarie.fr\/?p=11600"},"modified":"2026-01-21T17:03:34","modified_gmt":"2026-01-21T16:03:34","slug":"voeux-a-la-residence-autonomie","status":"publish","type":"post","link":"https:\/\/quelaines-stemarie.fr\/index.php\/2026\/01\/21\/voeux-a-la-residence-autonomie\/","title":{"rendered":"V\u0153ux \u00e0 la r\u00e9sidence autonomie"},"content":{"rendered":"\n<p>Les \u00e9l\u00e8ves de CP-CE1 de Pauline et de CM1-CM2 de Sophie se sont rendus au Mottais le 12 janvier. Apr\u00e8s l&#8217;\u00e9change des v\u0153ux pour la nouvelle ann\u00e9e, chaque classe a pr\u00e9sent\u00e9 sa danse de l&#8217;arbre de No\u00ebl aux r\u00e9sidents. Cet \u00e9change entre g\u00e9n\u00e9rations est toujours un moment tr\u00e8s appr\u00e9ci\u00e9 de tous.<\/p>\n\n\n\n<figure class=\"wp-block-gallery has-nested-images columns-default is-cropped wp-block-gallery-1 is-layout-flex wp-block-gallery-is-layout-flex\">\n<figure class=\"wp-block-image size-large\"><img loading=\"lazy\" decoding=\"async\" width=\"1024\" height=\"768\" data-id=\"11605\" src=\"https:\/\/quelaines-stemarie.fr\/wp-content\/uploads\/IMG_0209-1024x768.jpeg\" alt=\"\" class=\"wp-image-11605\" srcset=\"https:\/\/quelaines-stemarie.fr\/wp-content\/uploads\/IMG_0209-1024x768.jpeg 1024w, https:\/\/quelaines-stemarie.fr\/wp-content\/uploads\/IMG_0209-300x225.jpeg 300w, https:\/\/quelaines-stemarie.fr\/wp-content\/uploads\/IMG_0209-768x576.jpeg 768w, https:\/\/quelaines-stemarie.fr\/wp-content\/uploads\/IMG_0209-1536x1152.jpeg 1536w, https:\/\/quelaines-stemarie.fr\/wp-content\/uploads\/IMG_0209-150x113.jpeg 150w, https:\/\/quelaines-stemarie.fr\/wp-content\/uploads\/IMG_0209.jpeg 2048w\" sizes=\"auto, (max-width: 1024px) 100vw, 1024px\" \/><\/figure>\n\n\n\n<figure class=\"wp-block-image size-large\"><img loading=\"lazy\" decoding=\"async\" width=\"1024\" height=\"768\" data-id=\"11602\" src=\"https:\/\/quelaines-stemarie.fr\/wp-content\/uploads\/IMG_0211-1024x768.jpeg\" alt=\"\" class=\"wp-image-11602\" srcset=\"https:\/\/quelaines-stemarie.fr\/wp-content\/uploads\/IMG_0211-1024x768.jpeg 1024w, https:\/\/quelaines-stemarie.fr\/wp-content\/uploads\/IMG_0211-300x225.jpeg 300w, https:\/\/quelaines-stemarie.fr\/wp-content\/uploads\/IMG_0211-768x576.jpeg 768w, https:\/\/quelaines-stemarie.fr\/wp-content\/uploads\/IMG_0211-1536x1152.jpeg 1536w, https:\/\/quelaines-stemarie.fr\/wp-content\/uploads\/IMG_0211-150x113.jpeg 150w, https:\/\/quelaines-stemarie.fr\/wp-content\/uploads\/IMG_0211.jpeg 2048w\" sizes=\"auto, (max-width: 1024px) 100vw, 1024px\" \/><\/figure>\n\n\n\n<figure class=\"wp-block-image size-large\"><img loading=\"lazy\" decoding=\"async\" width=\"1024\" height=\"768\" data-id=\"11604\" src=\"https:\/\/quelaines-stemarie.fr\/wp-content\/uploads\/PHOTO-2026-01-12-16-06-08-1024x768.jpg\" alt=\"\" class=\"wp-image-11604\" srcset=\"https:\/\/quelaines-stemarie.fr\/wp-content\/uploads\/PHOTO-2026-01-12-16-06-08-1024x768.jpg 1024w, https:\/\/quelaines-stemarie.fr\/wp-content\/uploads\/PHOTO-2026-01-12-16-06-08-300x225.jpg 300w, https:\/\/quelaines-stemarie.fr\/wp-content\/uploads\/PHOTO-2026-01-12-16-06-08-768x576.jpg 768w, https:\/\/quelaines-stemarie.fr\/wp-content\/uploads\/PHOTO-2026-01-12-16-06-08-1536x1152.jpg 1536w, https:\/\/quelaines-stemarie.fr\/wp-content\/uploads\/PHOTO-2026-01-12-16-06-08-150x113.jpg 150w, https:\/\/quelaines-stemarie.fr\/wp-content\/uploads\/PHOTO-2026-01-12-16-06-08.jpg 2048w\" sizes=\"auto, (max-width: 1024px) 100vw, 1024px\" \/><\/figure>\n\n\n\n<figure class=\"wp-block-image size-large\"><img loading=\"lazy\" decoding=\"async\" width=\"1024\" height=\"768\" data-id=\"11603\" src=\"https:\/\/quelaines-stemarie.fr\/wp-content\/uploads\/PHOTO-2026-01-12-16-06-09-1024x768.jpg\" alt=\"\" class=\"wp-image-11603\" srcset=\"https:\/\/quelaines-stemarie.fr\/wp-content\/uploads\/PHOTO-2026-01-12-16-06-09-1024x768.jpg 1024w, https:\/\/quelaines-stemarie.fr\/wp-content\/uploads\/PHOTO-2026-01-12-16-06-09-300x225.jpg 300w, https:\/\/quelaines-stemarie.fr\/wp-content\/uploads\/PHOTO-2026-01-12-16-06-09-768x576.jpg 768w, https:\/\/quelaines-stemarie.fr\/wp-content\/uploads\/PHOTO-2026-01-12-16-06-09-1536x1152.jpg 1536w, https:\/\/quelaines-stemarie.fr\/wp-content\/uploads\/PHOTO-2026-01-12-16-06-09-150x113.jpg 150w, https:\/\/quelaines-stemarie.fr\/wp-content\/uploads\/PHOTO-2026-01-12-16-06-09.jpg 2048w\" sizes=\"auto, (max-width: 1024px) 100vw, 1024px\" \/><\/figure>\n\n\n\n<figure class=\"wp-block-image size-large\"><img loading=\"lazy\" decoding=\"async\" width=\"1024\" height=\"768\" data-id=\"11601\" src=\"https:\/\/quelaines-stemarie.fr\/wp-content\/uploads\/PHOTO-2026-01-12-16-06-10-1024x768.jpg\" alt=\"\" class=\"wp-image-11601\" srcset=\"https:\/\/quelaines-stemarie.fr\/wp-content\/uploads\/PHOTO-2026-01-12-16-06-10-1024x768.jpg 1024w, https:\/\/quelaines-stemarie.fr\/wp-content\/uploads\/PHOTO-2026-01-12-16-06-10-300x225.jpg 300w, https:\/\/quelaines-stemarie.fr\/wp-content\/uploads\/PHOTO-2026-01-12-16-06-10-768x576.jpg 768w, https:\/\/quelaines-stemarie.fr\/wp-content\/uploads\/PHOTO-2026-01-12-16-06-10-1536x1152.jpg 1536w, https:\/\/quelaines-stemarie.fr\/wp-content\/uploads\/PHOTO-2026-01-12-16-06-10-150x113.jpg 150w, https:\/\/quelaines-stemarie.fr\/wp-content\/uploads\/PHOTO-2026-01-12-16-06-10.jpg 2048w\" sizes=\"auto, (max-width: 1024px) 100vw, 1024px\" \/><\/figure>\n\n\n\n<figure class=\"wp-block-image size-large\"><img loading=\"lazy\" decoding=\"async\" width=\"1024\" height=\"768\" data-id=\"11606\" src=\"https:\/\/quelaines-stemarie.fr\/wp-content\/uploads\/PHOTO-2026-01-12-16-06-11-1024x768.jpg\" alt=\"\" class=\"wp-image-11606\" srcset=\"https:\/\/quelaines-stemarie.fr\/wp-content\/uploads\/PHOTO-2026-01-12-16-06-11-1024x768.jpg 1024w, https:\/\/quelaines-stemarie.fr\/wp-content\/uploads\/PHOTO-2026-01-12-16-06-11-300x225.jpg 300w, https:\/\/quelaines-stemarie.fr\/wp-content\/uploads\/PHOTO-2026-01-12-16-06-11-768x576.jpg 768w, https:\/\/quelaines-stemarie.fr\/wp-content\/uploads\/PHOTO-2026-01-12-16-06-11-1536x1152.jpg 1536w, https:\/\/quelaines-stemarie.fr\/wp-content\/uploads\/PHOTO-2026-01-12-16-06-11-150x113.jpg 150w, https:\/\/quelaines-stemarie.fr\/wp-content\/uploads\/PHOTO-2026-01-12-16-06-11.jpg 2048w\" sizes=\"auto, (max-width: 1024px) 100vw, 1024px\" \/><\/figure>\n<\/figure>\n\n\n\n<p><\/p>\n","protected":false},"excerpt":{"rendered":"<p>Les \u00e9l\u00e8ves de CP-CE1 de Pauline et de CM1-CM2 de Sophie se sont rendus au Mottais le 12 janvier. Apr\u00e8s l&#8217;\u00e9change des v\u0153ux pour la nouvelle ann\u00e9e, chaque classe a pr\u00e9sent\u00e9 sa danse de l&#8217;arbre de No\u00ebl aux r\u00e9sidents. Cet \u00e9change entre g\u00e9n\u00e9rations est toujours un moment tr\u00e8s appr\u00e9ci\u00e9 de\u2026<\/p>\n<p class=\"continue-reading-button\"> <a class=\"continue-reading-link\" href=\"https:\/\/quelaines-stemarie.fr\/index.php\/2026\/01\/21\/voeux-a-la-residence-autonomie\/\">Lire la suite&#8230;<i class=\"crycon-right-dir\"><\/i><\/a><\/p>\n","protected":false},"author":5,"featured_media":11604,"comment_status":"closed","ping_status":"closed","sticky":false,"template":"","format":"standard","meta":{"footnotes":""},"categories":[10,296,293],"tags":[],"class_list":["post-11600","post","type-post","status-publish","format-standard","has-post-thumbnail","hentry","category-cat-actualites","category-cm2-de-sophie","category-ce1-ce2-de-pauline"],"_links":{"self":[{"href":"https:\/\/quelaines-stemarie.fr\/index.php\/wp-json\/wp\/v2\/posts\/11600","targetHints":{"allow":["GET"]}}],"collection":[{"href":"https:\/\/quelaines-stemarie.fr\/index.php\/wp-json\/wp\/v2\/posts"}],"about":[{"href":"https:\/\/quelaines-stemarie.fr\/index.php\/wp-json\/wp\/v2\/types\/post"}],"author":[{"embeddable":true,"href":"https:\/\/quelaines-stemarie.fr\/index.php\/wp-json\/wp\/v2\/users\/5"}],"replies":[{"embeddable":true,"href":"https:\/\/quelaines-stemarie.fr\/index.php\/wp-json\/wp\/v2\/comments?post=11600"}],"version-history":[{"count":1,"href":"https:\/\/quelaines-stemarie.fr\/index.php\/wp-json\/wp\/v2\/posts\/11600\/revisions"}],"predecessor-version":[{"id":11607,"href":"https:\/\/quelaines-stemarie.fr\/index.php\/wp-json\/wp\/v2\/posts\/11600\/revisions\/11607"}],"wp:featuredmedia":[{"embeddable":true,"href":"https:\/\/quelaines-stemarie.fr\/index.php\/wp-json\/wp\/v2\/media\/11604"}],"wp:attachment":[{"href":"https:\/\/quelaines-stemarie.fr\/index.php\/wp-json\/wp\/v2\/media?parent=11600"}],"wp:term":[{"taxonomy":"category","embeddable":true,"href":"https:\/\/quelaines-stemarie.fr\/index.php\/wp-json\/wp\/v2\/categories?post=11600"},{"taxonomy":"post_tag","embeddable":true,"href":"https:\/\/quelaines-stemarie.fr\/index.php\/wp-json\/wp\/v2\/tags?post=11600"}],"curies":[{"name":"wp","href":"https:\/\/api.w.org\/{rel}","templated":true}]}}