{"id":1252,"date":"2017-06-07T20:13:06","date_gmt":"2017-06-07T19:13:06","guid":{"rendered":"http:\/\/quelaines-stemarie.fr\/?p=1252"},"modified":"2017-06-07T20:13:06","modified_gmt":"2017-06-07T19:13:06","slug":"le-jardin-2","status":"publish","type":"post","link":"https:\/\/quelaines-stemarie.fr\/index.php\/2017\/06\/07\/le-jardin-2\/","title":{"rendered":"Le jardin"},"content":{"rendered":"<p>Nous avons profit\u00e9 du beau temps pour semer des radis, des navets, des fleurs, et planter des citrouilles, des potimarrons et des courges butternut. Nous devons bien entretenir notre parcelle afin de r\u00e9colter de beaux l\u00e9gumes pour le march\u00e9 d&#8217;automne !<\/p>\n<p><img loading=\"lazy\" decoding=\"async\" class=\"alignnone size-medium wp-image-1257\" src=\"http:\/\/quelaines-stemarie.fr\/wp-content\/uploads\/IMG_0838-e1496862745591-225x300.jpg\" alt=\"\" width=\"225\" height=\"300\" srcset=\"https:\/\/quelaines-stemarie.fr\/wp-content\/uploads\/IMG_0838-e1496862745591-225x300.jpg 225w, https:\/\/quelaines-stemarie.fr\/wp-content\/uploads\/IMG_0838-e1496862745591-113x150.jpg 113w, https:\/\/quelaines-stemarie.fr\/wp-content\/uploads\/IMG_0838-e1496862745591.jpg 240w\" sizes=\"auto, (max-width: 225px) 100vw, 225px\" \/> <img loading=\"lazy\" decoding=\"async\" class=\"alignnone size-medium wp-image-1256\" src=\"http:\/\/quelaines-stemarie.fr\/wp-content\/uploads\/IMG_0837-e1496862732551-225x300.jpg\" alt=\"\" width=\"225\" height=\"300\" srcset=\"https:\/\/quelaines-stemarie.fr\/wp-content\/uploads\/IMG_0837-e1496862732551-225x300.jpg 225w, https:\/\/quelaines-stemarie.fr\/wp-content\/uploads\/IMG_0837-e1496862732551-113x150.jpg 113w, https:\/\/quelaines-stemarie.fr\/wp-content\/uploads\/IMG_0837-e1496862732551.jpg 240w\" sizes=\"auto, (max-width: 225px) 100vw, 225px\" \/><\/p>\n","protected":false},"excerpt":{"rendered":"<p>Nous avons profit\u00e9 du beau temps pour semer des radis, des navets, des fleurs, et planter des citrouilles, des potimarrons et des courges butternut. Nous devons bien entretenir notre parcelle afin de r\u00e9colter de beaux l\u00e9gumes pour le march\u00e9 d&#8217;automne !<\/p>\n<p class=\"continue-reading-button\"> <a class=\"continue-reading-link\" href=\"https:\/\/quelaines-stemarie.fr\/index.php\/2017\/06\/07\/le-jardin-2\/\">Lire la suite&#8230;<i class=\"crycon-right-dir\"><\/i><\/a><\/p>\n","protected":false},"author":5,"featured_media":0,"comment_status":"closed","ping_status":"closed","sticky":false,"template":"","format":"standard","meta":{"footnotes":""},"categories":[10,59,1],"tags":[],"class_list":["post-1252","post","type-post","status-publish","format-standard","hentry","category-cat-actualites","category-cat-cm1cm2-2016","category-non-classe"],"_links":{"self":[{"href":"https:\/\/quelaines-stemarie.fr\/index.php\/wp-json\/wp\/v2\/posts\/1252","targetHints":{"allow":["GET"]}}],"collection":[{"href":"https:\/\/quelaines-stemarie.fr\/index.php\/wp-json\/wp\/v2\/posts"}],"about":[{"href":"https:\/\/quelaines-stemarie.fr\/index.php\/wp-json\/wp\/v2\/types\/post"}],"author":[{"embeddable":true,"href":"https:\/\/quelaines-stemarie.fr\/index.php\/wp-json\/wp\/v2\/users\/5"}],"replies":[{"embeddable":true,"href":"https:\/\/quelaines-stemarie.fr\/index.php\/wp-json\/wp\/v2\/comments?post=1252"}],"version-history":[{"count":2,"href":"https:\/\/quelaines-stemarie.fr\/index.php\/wp-json\/wp\/v2\/posts\/1252\/revisions"}],"predecessor-version":[{"id":1258,"href":"https:\/\/quelaines-stemarie.fr\/index.php\/wp-json\/wp\/v2\/posts\/1252\/revisions\/1258"}],"wp:attachment":[{"href":"https:\/\/quelaines-stemarie.fr\/index.php\/wp-json\/wp\/v2\/media?parent=1252"}],"wp:term":[{"taxonomy":"category","embeddable":true,"href":"https:\/\/quelaines-stemarie.fr\/index.php\/wp-json\/wp\/v2\/categories?post=1252"},{"taxonomy":"post_tag","embeddable":true,"href":"https:\/\/quelaines-stemarie.fr\/index.php\/wp-json\/wp\/v2\/tags?post=1252"}],"curies":[{"name":"wp","href":"https:\/\/api.w.org\/{rel}","templated":true}]}}