{"id":1583,"date":"2017-10-08T16:11:23","date_gmt":"2017-10-08T15:11:23","guid":{"rendered":"http:\/\/quelaines-stemarie.fr\/?p=1583"},"modified":"2017-10-08T16:11:23","modified_gmt":"2017-10-08T15:11:23","slug":"les-embuscades","status":"publish","type":"post","link":"https:\/\/quelaines-stemarie.fr\/index.php\/2017\/10\/08\/les-embuscades\/","title":{"rendered":"Les Embuscades"},"content":{"rendered":"<p>Mardi 03 octobre, nous sommes all\u00e9s \u00e0 Coss\u00e9-le-Vivien pour voir et surtout \u00e9couter un spectacle musical: &#8220;Le bal des petites b\u00eates&#8221;.<\/p>\n<p>Emmen\u00e9s par le chanteur Jac Livenais et ses deux musiciens,\u00a0Kentin Juillard et\u00a0Fran\u00e7ois Marsat, les enfants sont entr\u00e9s tout de suite<\/p>\n<p>dans ce bal plein d&#8217;entrain. Jac et Kentin ont accept\u00e9 de poser avec nous \u00e0 la fin du spectacle, et nous avons achet\u00e9 le CD!<\/p>\n<p>De quoi se rappeler, pendant quelques temps encore, ce bon moment!<\/p>\n<p><img loading=\"lazy\" decoding=\"async\" class=\"alignnone size-medium wp-image-1585\" src=\"http:\/\/quelaines-stemarie.fr\/wp-content\/uploads\/20171003_102624-300x169.jpg\" alt=\"\" width=\"300\" height=\"169\" srcset=\"https:\/\/quelaines-stemarie.fr\/wp-content\/uploads\/20171003_102624-300x169.jpg 300w, https:\/\/quelaines-stemarie.fr\/wp-content\/uploads\/20171003_102624-768x432.jpg 768w, https:\/\/quelaines-stemarie.fr\/wp-content\/uploads\/20171003_102624-1024x576.jpg 1024w, https:\/\/quelaines-stemarie.fr\/wp-content\/uploads\/20171003_102624-150x84.jpg 150w\" sizes=\"auto, (max-width: 300px) 100vw, 300px\" \/>\u00a0 \u00a0\u00a0<img loading=\"lazy\" decoding=\"async\" class=\"alignnone size-medium wp-image-1586\" src=\"http:\/\/quelaines-stemarie.fr\/wp-content\/uploads\/20171003_104240-300x212.jpg\" alt=\"\" width=\"300\" height=\"212\" srcset=\"https:\/\/quelaines-stemarie.fr\/wp-content\/uploads\/20171003_104240-300x212.jpg 300w, https:\/\/quelaines-stemarie.fr\/wp-content\/uploads\/20171003_104240-768x542.jpg 768w, https:\/\/quelaines-stemarie.fr\/wp-content\/uploads\/20171003_104240-1024x722.jpg 1024w, https:\/\/quelaines-stemarie.fr\/wp-content\/uploads\/20171003_104240-150x106.jpg 150w\" sizes=\"auto, (max-width: 300px) 100vw, 300px\" \/>\u00a0 \u00a0<img loading=\"lazy\" decoding=\"async\" class=\"alignnone size-medium wp-image-1587\" src=\"http:\/\/quelaines-stemarie.fr\/wp-content\/uploads\/20171003_105228-300x215.jpg\" alt=\"\" width=\"300\" height=\"215\" srcset=\"https:\/\/quelaines-stemarie.fr\/wp-content\/uploads\/20171003_105228-300x215.jpg 300w, https:\/\/quelaines-stemarie.fr\/wp-content\/uploads\/20171003_105228-768x551.jpg 768w, https:\/\/quelaines-stemarie.fr\/wp-content\/uploads\/20171003_105228-1024x735.jpg 1024w, https:\/\/quelaines-stemarie.fr\/wp-content\/uploads\/20171003_105228-150x108.jpg 150w\" sizes=\"auto, (max-width: 300px) 100vw, 300px\" \/>\u00a0 \u00a0<img loading=\"lazy\" decoding=\"async\" class=\"alignnone size-medium wp-image-1588\" src=\"http:\/\/quelaines-stemarie.fr\/wp-content\/uploads\/20171003_105530-300x236.jpg\" alt=\"\" width=\"300\" height=\"236\" srcset=\"https:\/\/quelaines-stemarie.fr\/wp-content\/uploads\/20171003_105530-300x236.jpg 300w, https:\/\/quelaines-stemarie.fr\/wp-content\/uploads\/20171003_105530-768x603.jpg 768w, https:\/\/quelaines-stemarie.fr\/wp-content\/uploads\/20171003_105530-1024x804.jpg 1024w, https:\/\/quelaines-stemarie.fr\/wp-content\/uploads\/20171003_105530-150x118.jpg 150w, https:\/\/quelaines-stemarie.fr\/wp-content\/uploads\/20171003_105530.jpg 1835w\" sizes=\"auto, (max-width: 300px) 100vw, 300px\" \/>\u00a0 \u00a0\u00a0<img loading=\"lazy\" decoding=\"async\" class=\"alignnone size-medium wp-image-1589\" src=\"http:\/\/quelaines-stemarie.fr\/wp-content\/uploads\/20171003_114419-300x145.jpg\" alt=\"\" width=\"300\" height=\"145\" srcset=\"https:\/\/quelaines-stemarie.fr\/wp-content\/uploads\/20171003_114419-300x145.jpg 300w, https:\/\/quelaines-stemarie.fr\/wp-content\/uploads\/20171003_114419-768x372.jpg 768w, https:\/\/quelaines-stemarie.fr\/wp-content\/uploads\/20171003_114419-1024x496.jpg 1024w, https:\/\/quelaines-stemarie.fr\/wp-content\/uploads\/20171003_114419-150x73.jpg 150w\" sizes=\"auto, (max-width: 300px) 100vw, 300px\" \/>\u00a0 \u00a0\u00a0<img loading=\"lazy\" decoding=\"async\" class=\"alignnone size-medium wp-image-1590\" src=\"http:\/\/quelaines-stemarie.fr\/wp-content\/uploads\/Jac-Livenais-et-son-groupe-300x200.jpg\" alt=\"\" width=\"300\" height=\"200\" srcset=\"https:\/\/quelaines-stemarie.fr\/wp-content\/uploads\/Jac-Livenais-et-son-groupe-300x200.jpg 300w, https:\/\/quelaines-stemarie.fr\/wp-content\/uploads\/Jac-Livenais-et-son-groupe-768x512.jpg 768w, https:\/\/quelaines-stemarie.fr\/wp-content\/uploads\/Jac-Livenais-et-son-groupe-150x100.jpg 150w, https:\/\/quelaines-stemarie.fr\/wp-content\/uploads\/Jac-Livenais-et-son-groupe.jpg 800w\" sizes=\"auto, (max-width: 300px) 100vw, 300px\" \/><\/p>\n","protected":false},"excerpt":{"rendered":"<p>Mardi 03 octobre, nous sommes all\u00e9s \u00e0 Coss\u00e9-le-Vivien pour voir et surtout \u00e9couter un spectacle musical: &#8220;Le bal des petites b\u00eates&#8221;. Emmen\u00e9s par le chanteur Jac Livenais et ses deux musiciens,\u00a0Kentin Juillard et\u00a0Fran\u00e7ois Marsat, les enfants sont entr\u00e9s tout de suite dans ce bal plein d&#8217;entrain. Jac et Kentin ont\u2026<\/p>\n<p class=\"continue-reading-button\"> <a class=\"continue-reading-link\" href=\"https:\/\/quelaines-stemarie.fr\/index.php\/2017\/10\/08\/les-embuscades\/\">Lire la suite&#8230;<i class=\"crycon-right-dir\"><\/i><\/a><\/p>\n","protected":false},"author":1,"featured_media":0,"comment_status":"closed","ping_status":"closed","sticky":false,"template":"","format":"standard","meta":{"footnotes":""},"categories":[10,92],"tags":[],"class_list":["post-1583","post","type-post","status-publish","format-standard","hentry","category-cat-actualites","category-ps-ms-de-sylvie"],"_links":{"self":[{"href":"https:\/\/quelaines-stemarie.fr\/index.php\/wp-json\/wp\/v2\/posts\/1583","targetHints":{"allow":["GET"]}}],"collection":[{"href":"https:\/\/quelaines-stemarie.fr\/index.php\/wp-json\/wp\/v2\/posts"}],"about":[{"href":"https:\/\/quelaines-stemarie.fr\/index.php\/wp-json\/wp\/v2\/types\/post"}],"author":[{"embeddable":true,"href":"https:\/\/quelaines-stemarie.fr\/index.php\/wp-json\/wp\/v2\/users\/1"}],"replies":[{"embeddable":true,"href":"https:\/\/quelaines-stemarie.fr\/index.php\/wp-json\/wp\/v2\/comments?post=1583"}],"version-history":[{"count":1,"href":"https:\/\/quelaines-stemarie.fr\/index.php\/wp-json\/wp\/v2\/posts\/1583\/revisions"}],"predecessor-version":[{"id":1591,"href":"https:\/\/quelaines-stemarie.fr\/index.php\/wp-json\/wp\/v2\/posts\/1583\/revisions\/1591"}],"wp:attachment":[{"href":"https:\/\/quelaines-stemarie.fr\/index.php\/wp-json\/wp\/v2\/media?parent=1583"}],"wp:term":[{"taxonomy":"category","embeddable":true,"href":"https:\/\/quelaines-stemarie.fr\/index.php\/wp-json\/wp\/v2\/categories?post=1583"},{"taxonomy":"post_tag","embeddable":true,"href":"https:\/\/quelaines-stemarie.fr\/index.php\/wp-json\/wp\/v2\/tags?post=1583"}],"curies":[{"name":"wp","href":"https:\/\/api.w.org\/{rel}","templated":true}]}}