{"id":2121,"date":"2018-03-25T19:30:04","date_gmt":"2018-03-25T18:30:04","guid":{"rendered":"http:\/\/quelaines-stemarie.fr\/?p=2121"},"modified":"2022-09-24T13:55:31","modified_gmt":"2022-09-24T12:55:31","slug":"arts-visuels-en-ce-cm-8","status":"publish","type":"post","link":"https:\/\/quelaines-stemarie.fr\/index.php\/2018\/03\/25\/arts-visuels-en-ce-cm-8\/","title":{"rendered":"Arts Visuels en CE-CM"},"content":{"rendered":"<p>Pour terminer notre travail sur l&#8217;artiste Gustav KLIMT, nous avons r\u00e9alis\u00e9 un tableau collectif de la mani\u00e8re suivante:<\/p>\n<p>Chaque enfant a re\u00e7u un morceau du tableau de KLIMT &#8220;L&#8217;arbre de vie&#8221;. Il devait alors le reproduire sur un carr\u00e9 plus grand.<\/p>\n<p>Puis nous avons reconstitu\u00e9 le puzzle&#8230;.<\/p>\n<p>Voici le puzzle de d\u00e9part:<\/p>\n<p><img loading=\"lazy\" decoding=\"async\" class=\"alignnone size-medium wp-image-2124\" src=\"http:\/\/quelaines-stemarie.fr\/wp-content\/uploads\/Arbre-de-vie-300x290.jpg\" alt=\"\" width=\"300\" height=\"290\" srcset=\"https:\/\/quelaines-stemarie.fr\/wp-content\/uploads\/Arbre-de-vie-300x290.jpg 300w, https:\/\/quelaines-stemarie.fr\/wp-content\/uploads\/Arbre-de-vie-150x145.jpg 150w, https:\/\/quelaines-stemarie.fr\/wp-content\/uploads\/Arbre-de-vie.jpg 640w\" sizes=\"auto, (max-width: 300px) 100vw, 300px\" \/><\/p>\n<p>Voici les r\u00e9sultats, en CE puis en CM&#8230;&#8230;Bravo les artistes!!!!!!<\/p>\n<p><img loading=\"lazy\" decoding=\"async\" class=\"alignnone wp-image-2123 size-large\" src=\"http:\/\/quelaines-stemarie.fr\/wp-content\/uploads\/CIMG4692-1024x850.jpg\" alt=\"\" width=\"900\" height=\"747\" srcset=\"https:\/\/quelaines-stemarie.fr\/wp-content\/uploads\/CIMG4692-1024x850.jpg 1024w, https:\/\/quelaines-stemarie.fr\/wp-content\/uploads\/CIMG4692-300x249.jpg 300w, https:\/\/quelaines-stemarie.fr\/wp-content\/uploads\/CIMG4692-768x637.jpg 768w, https:\/\/quelaines-stemarie.fr\/wp-content\/uploads\/CIMG4692-150x124.jpg 150w\" sizes=\"auto, (max-width: 900px) 100vw, 900px\" \/><\/p>\n<p><img loading=\"lazy\" decoding=\"async\" class=\"alignnone wp-image-2122 size-large\" src=\"http:\/\/quelaines-stemarie.fr\/wp-content\/uploads\/CIMG4691-1024x871.jpg\" alt=\"\" width=\"900\" height=\"766\" srcset=\"https:\/\/quelaines-stemarie.fr\/wp-content\/uploads\/CIMG4691-1024x871.jpg 1024w, https:\/\/quelaines-stemarie.fr\/wp-content\/uploads\/CIMG4691-300x255.jpg 300w, https:\/\/quelaines-stemarie.fr\/wp-content\/uploads\/CIMG4691-768x653.jpg 768w, https:\/\/quelaines-stemarie.fr\/wp-content\/uploads\/CIMG4691-150x128.jpg 150w\" sizes=\"auto, (max-width: 900px) 100vw, 900px\" \/><\/p>\n<p>&nbsp;<\/p>\n","protected":false},"excerpt":{"rendered":"<p>Pour terminer notre travail sur l&#8217;artiste Gustav KLIMT, nous avons r\u00e9alis\u00e9 un tableau collectif de la mani\u00e8re suivante: Chaque enfant a re\u00e7u un morceau du tableau de KLIMT &#8220;L&#8217;arbre de vie&#8221;. Il devait alors le reproduire sur un carr\u00e9 plus grand. Puis nous avons reconstitu\u00e9 le puzzle&#8230;. Voici le puzzle\u2026<\/p>\n<p class=\"continue-reading-button\"> <a class=\"continue-reading-link\" href=\"https:\/\/quelaines-stemarie.fr\/index.php\/2018\/03\/25\/arts-visuels-en-ce-cm-8\/\">Lire la suite&#8230;<i class=\"crycon-right-dir\"><\/i><\/a><\/p>\n","protected":false},"author":1,"featured_media":0,"comment_status":"closed","ping_status":"closed","sticky":false,"template":"","format":"standard","meta":{"footnotes":""},"categories":[10,239],"tags":[],"class_list":["post-2121","post","type-post","status-publish","format-standard","hentry","category-cat-actualites","category-arts-visuels-avec-sylvie-a"],"_links":{"self":[{"href":"https:\/\/quelaines-stemarie.fr\/index.php\/wp-json\/wp\/v2\/posts\/2121","targetHints":{"allow":["GET"]}}],"collection":[{"href":"https:\/\/quelaines-stemarie.fr\/index.php\/wp-json\/wp\/v2\/posts"}],"about":[{"href":"https:\/\/quelaines-stemarie.fr\/index.php\/wp-json\/wp\/v2\/types\/post"}],"author":[{"embeddable":true,"href":"https:\/\/quelaines-stemarie.fr\/index.php\/wp-json\/wp\/v2\/users\/1"}],"replies":[{"embeddable":true,"href":"https:\/\/quelaines-stemarie.fr\/index.php\/wp-json\/wp\/v2\/comments?post=2121"}],"version-history":[{"count":2,"href":"https:\/\/quelaines-stemarie.fr\/index.php\/wp-json\/wp\/v2\/posts\/2121\/revisions"}],"predecessor-version":[{"id":8852,"href":"https:\/\/quelaines-stemarie.fr\/index.php\/wp-json\/wp\/v2\/posts\/2121\/revisions\/8852"}],"wp:attachment":[{"href":"https:\/\/quelaines-stemarie.fr\/index.php\/wp-json\/wp\/v2\/media?parent=2121"}],"wp:term":[{"taxonomy":"category","embeddable":true,"href":"https:\/\/quelaines-stemarie.fr\/index.php\/wp-json\/wp\/v2\/categories?post=2121"},{"taxonomy":"post_tag","embeddable":true,"href":"https:\/\/quelaines-stemarie.fr\/index.php\/wp-json\/wp\/v2\/tags?post=2121"}],"curies":[{"name":"wp","href":"https:\/\/api.w.org\/{rel}","templated":true}]}}