{"id":2145,"date":"2018-04-08T20:38:42","date_gmt":"2018-04-08T19:38:42","guid":{"rendered":"http:\/\/quelaines-stemarie.fr\/?p=2145"},"modified":"2022-09-24T13:54:56","modified_gmt":"2022-09-24T12:54:56","slug":"arts-visuels-en-ce-cm-9","status":"publish","type":"post","link":"https:\/\/quelaines-stemarie.fr\/index.php\/2018\/04\/08\/arts-visuels-en-ce-cm-9\/","title":{"rendered":"Arts Visuels en CE-CM"},"content":{"rendered":"<p>Nous avons travaill\u00e9 sur une p\u00e9riode de peinture: L&#8217;OP ART (Art Optique).<\/p>\n<p>Nous avons observ\u00e9 diff\u00e9rentes \u0153uvres de Victor VASARELY (1906-1997), consid\u00e9r\u00e9 comme le p\u00e8re de ce mouvement.<\/p>\n<p><img loading=\"lazy\" decoding=\"async\" class=\"alignnone wp-image-2146 size-large\" src=\"http:\/\/quelaines-stemarie.fr\/wp-content\/uploads\/Proposition-1-CM1-CM2-1-1024x769.jpg\" alt=\"\" width=\"900\" height=\"676\" srcset=\"https:\/\/quelaines-stemarie.fr\/wp-content\/uploads\/Proposition-1-CM1-CM2-1-1024x769.jpg 1024w, https:\/\/quelaines-stemarie.fr\/wp-content\/uploads\/Proposition-1-CM1-CM2-1-300x225.jpg 300w, https:\/\/quelaines-stemarie.fr\/wp-content\/uploads\/Proposition-1-CM1-CM2-1-768x577.jpg 768w, https:\/\/quelaines-stemarie.fr\/wp-content\/uploads\/Proposition-1-CM1-CM2-1-150x113.jpg 150w\" sizes=\"auto, (max-width: 900px) 100vw, 900px\" \/><\/p>\n<p>&nbsp;<\/p>\n<p><img loading=\"lazy\" decoding=\"async\" class=\"alignnone wp-image-2147 size-large\" src=\"http:\/\/quelaines-stemarie.fr\/wp-content\/uploads\/Proposition-1-CM1-CM2-2-1024x750.jpg\" alt=\"\" width=\"900\" height=\"659\" srcset=\"https:\/\/quelaines-stemarie.fr\/wp-content\/uploads\/Proposition-1-CM1-CM2-2-1024x750.jpg 1024w, https:\/\/quelaines-stemarie.fr\/wp-content\/uploads\/Proposition-1-CM1-CM2-2-300x220.jpg 300w, https:\/\/quelaines-stemarie.fr\/wp-content\/uploads\/Proposition-1-CM1-CM2-2-768x562.jpg 768w, https:\/\/quelaines-stemarie.fr\/wp-content\/uploads\/Proposition-1-CM1-CM2-2-150x110.jpg 150w\" sizes=\"auto, (max-width: 900px) 100vw, 900px\" \/><\/p>\n<p><img loading=\"lazy\" decoding=\"async\" class=\"alignnone wp-image-2148 size-large\" src=\"http:\/\/quelaines-stemarie.fr\/wp-content\/uploads\/Proposition-1-CM1-CM2-3-1024x760.jpg\" alt=\"\" width=\"900\" height=\"668\" srcset=\"https:\/\/quelaines-stemarie.fr\/wp-content\/uploads\/Proposition-1-CM1-CM2-3-1024x760.jpg 1024w, https:\/\/quelaines-stemarie.fr\/wp-content\/uploads\/Proposition-1-CM1-CM2-3-300x223.jpg 300w, https:\/\/quelaines-stemarie.fr\/wp-content\/uploads\/Proposition-1-CM1-CM2-3-768x570.jpg 768w, https:\/\/quelaines-stemarie.fr\/wp-content\/uploads\/Proposition-1-CM1-CM2-3-150x111.jpg 150w\" sizes=\"auto, (max-width: 900px) 100vw, 900px\" \/><\/p>\n<p><img loading=\"lazy\" decoding=\"async\" class=\"alignnone wp-image-2149 size-large\" src=\"http:\/\/quelaines-stemarie.fr\/wp-content\/uploads\/Proposition-1-CE1-CE2-1024x706.jpg\" alt=\"\" width=\"900\" height=\"621\" srcset=\"https:\/\/quelaines-stemarie.fr\/wp-content\/uploads\/Proposition-1-CE1-CE2-1024x706.jpg 1024w, https:\/\/quelaines-stemarie.fr\/wp-content\/uploads\/Proposition-1-CE1-CE2-300x207.jpg 300w, https:\/\/quelaines-stemarie.fr\/wp-content\/uploads\/Proposition-1-CE1-CE2-768x529.jpg 768w, https:\/\/quelaines-stemarie.fr\/wp-content\/uploads\/Proposition-1-CE1-CE2-150x103.jpg 150w\" sizes=\"auto, (max-width: 900px) 100vw, 900px\" \/><\/p>\n<p>&nbsp;<\/p>\n","protected":false},"excerpt":{"rendered":"<p>Nous avons travaill\u00e9 sur une p\u00e9riode de peinture: L&#8217;OP ART (Art Optique). Nous avons observ\u00e9 diff\u00e9rentes \u0153uvres de Victor VASARELY (1906-1997), consid\u00e9r\u00e9 comme le p\u00e8re de ce mouvement. &nbsp; &nbsp;<\/p>\n<p class=\"continue-reading-button\"> <a class=\"continue-reading-link\" href=\"https:\/\/quelaines-stemarie.fr\/index.php\/2018\/04\/08\/arts-visuels-en-ce-cm-9\/\">Lire la suite&#8230;<i class=\"crycon-right-dir\"><\/i><\/a><\/p>\n","protected":false},"author":1,"featured_media":0,"comment_status":"closed","ping_status":"closed","sticky":false,"template":"","format":"standard","meta":{"footnotes":""},"categories":[10,239],"tags":[],"class_list":["post-2145","post","type-post","status-publish","format-standard","hentry","category-cat-actualites","category-arts-visuels-avec-sylvie-a"],"_links":{"self":[{"href":"https:\/\/quelaines-stemarie.fr\/index.php\/wp-json\/wp\/v2\/posts\/2145","targetHints":{"allow":["GET"]}}],"collection":[{"href":"https:\/\/quelaines-stemarie.fr\/index.php\/wp-json\/wp\/v2\/posts"}],"about":[{"href":"https:\/\/quelaines-stemarie.fr\/index.php\/wp-json\/wp\/v2\/types\/post"}],"author":[{"embeddable":true,"href":"https:\/\/quelaines-stemarie.fr\/index.php\/wp-json\/wp\/v2\/users\/1"}],"replies":[{"embeddable":true,"href":"https:\/\/quelaines-stemarie.fr\/index.php\/wp-json\/wp\/v2\/comments?post=2145"}],"version-history":[{"count":2,"href":"https:\/\/quelaines-stemarie.fr\/index.php\/wp-json\/wp\/v2\/posts\/2145\/revisions"}],"predecessor-version":[{"id":8851,"href":"https:\/\/quelaines-stemarie.fr\/index.php\/wp-json\/wp\/v2\/posts\/2145\/revisions\/8851"}],"wp:attachment":[{"href":"https:\/\/quelaines-stemarie.fr\/index.php\/wp-json\/wp\/v2\/media?parent=2145"}],"wp:term":[{"taxonomy":"category","embeddable":true,"href":"https:\/\/quelaines-stemarie.fr\/index.php\/wp-json\/wp\/v2\/categories?post=2145"},{"taxonomy":"post_tag","embeddable":true,"href":"https:\/\/quelaines-stemarie.fr\/index.php\/wp-json\/wp\/v2\/tags?post=2145"}],"curies":[{"name":"wp","href":"https:\/\/api.w.org\/{rel}","templated":true}]}}