{"id":2848,"date":"2019-01-13T21:22:42","date_gmt":"2019-01-13T20:22:42","guid":{"rendered":"http:\/\/quelaines-stemarie.fr\/?p=2848"},"modified":"2019-01-13T21:22:42","modified_gmt":"2019-01-13T20:22:42","slug":"defi-classenergie-gs-cp","status":"publish","type":"post","link":"https:\/\/quelaines-stemarie.fr\/index.php\/2019\/01\/13\/defi-classenergie-gs-cp\/","title":{"rendered":"D\u00e9fi class&#8217;\u00e9nergie GS-CP"},"content":{"rendered":"<p>Ce mardi 8 janvier a \u00e9t\u00e9 donn\u00e9 le coup d&#8217;envoi du d\u00e9fi class&#8217;\u00e9nergie au sein de notre \u00e9cole. L&#8217;objectif de ce d\u00e9fi est de prendre conscience de l&#8217;utilisation des \u00e9nergies et de trouver des \u00e9co-gestes faciles \u00e0 appliquer au quotidien.<\/p>\n<p>L&#8217;association Synergie est venue nous faire une pr\u00e9sentation de ce qu&#8217;est l&#8217;\u00e9nergie, comment nous l&#8217;utilisons et quelles sont les sources d&#8217;\u00e9nergie dont nous disposons.<\/p>\n<p>Dans notre classe nous nous int\u00e9resserons plus pr\u00e9cis\u00e9ment \u00e0 l&#8217;eau et aux d\u00e9chets tout au long de l&#8217;ann\u00e9e.<\/p>\n<div id='gallery-1' class='gallery gallery_default galleryid-2848 gallery-columns-3 gallery-size-thumbnail gallery-link-file'><figure class='gallery-item' style='width:33.333333333333%'>\n\t\t\t\t<div class='gallery-icon landscape'>\n\t\t\t\t\t<a data-lightbox='1' href='https:\/\/quelaines-stemarie.fr\/wp-content\/uploads\/IMG_1078-1024x768.jpg' title='IMG_1078' target=''><img loading=\"lazy\" decoding=\"async\" width=\"150\" height=\"150\" src=\"https:\/\/quelaines-stemarie.fr\/wp-content\/uploads\/IMG_1078-150x150.jpg\" class=\"attachment-thumbnail size-thumbnail\" alt=\"\" \/><\/a>\n\t\t\t\t<\/div><\/figure><figure class='gallery-item' style='width:33.333333333333%'>\n\t\t\t\t<div class='gallery-icon landscape'>\n\t\t\t\t\t<a data-lightbox='1' href='https:\/\/quelaines-stemarie.fr\/wp-content\/uploads\/IMG_1077-1024x768.jpg' title='IMG_1077' target=''><img loading=\"lazy\" decoding=\"async\" width=\"150\" height=\"150\" src=\"https:\/\/quelaines-stemarie.fr\/wp-content\/uploads\/IMG_1077-150x150.jpg\" class=\"attachment-thumbnail size-thumbnail\" alt=\"\" \/><\/a>\n\t\t\t\t<\/div><\/figure><figure class='gallery-item' style='width:33.333333333333%'>\n\t\t\t\t<div class='gallery-icon landscape'>\n\t\t\t\t\t<a data-lightbox='1' href='https:\/\/quelaines-stemarie.fr\/wp-content\/uploads\/IMG_1076-1024x768.jpg' title='IMG_1076' target=''><img loading=\"lazy\" decoding=\"async\" width=\"150\" height=\"150\" src=\"https:\/\/quelaines-stemarie.fr\/wp-content\/uploads\/IMG_1076-150x150.jpg\" class=\"attachment-thumbnail size-thumbnail\" alt=\"\" \/><\/a>\n\t\t\t\t<\/div><\/figure><\/div>\n","protected":false},"excerpt":{"rendered":"<p>Ce mardi 8 janvier a \u00e9t\u00e9 donn\u00e9 le coup d&#8217;envoi du d\u00e9fi class&#8217;\u00e9nergie au sein de notre \u00e9cole. L&#8217;objectif de ce d\u00e9fi est de prendre conscience de l&#8217;utilisation des \u00e9nergies et de trouver des \u00e9co-gestes faciles \u00e0 appliquer au quotidien. L&#8217;association Synergie est venue nous faire une pr\u00e9sentation de ce\u2026<\/p>\n<p class=\"continue-reading-button\"> <a class=\"continue-reading-link\" href=\"https:\/\/quelaines-stemarie.fr\/index.php\/2019\/01\/13\/defi-classenergie-gs-cp\/\">Lire la suite&#8230;<i class=\"crycon-right-dir\"><\/i><\/a><\/p>\n","protected":false},"author":5,"featured_media":2843,"comment_status":"closed","ping_status":"closed","sticky":false,"template":"","format":"standard","meta":{"footnotes":""},"categories":[1],"tags":[],"class_list":["post-2848","post","type-post","status-publish","format-standard","has-post-thumbnail","hentry","category-non-classe"],"_links":{"self":[{"href":"https:\/\/quelaines-stemarie.fr\/index.php\/wp-json\/wp\/v2\/posts\/2848","targetHints":{"allow":["GET"]}}],"collection":[{"href":"https:\/\/quelaines-stemarie.fr\/index.php\/wp-json\/wp\/v2\/posts"}],"about":[{"href":"https:\/\/quelaines-stemarie.fr\/index.php\/wp-json\/wp\/v2\/types\/post"}],"author":[{"embeddable":true,"href":"https:\/\/quelaines-stemarie.fr\/index.php\/wp-json\/wp\/v2\/users\/5"}],"replies":[{"embeddable":true,"href":"https:\/\/quelaines-stemarie.fr\/index.php\/wp-json\/wp\/v2\/comments?post=2848"}],"version-history":[{"count":2,"href":"https:\/\/quelaines-stemarie.fr\/index.php\/wp-json\/wp\/v2\/posts\/2848\/revisions"}],"predecessor-version":[{"id":2850,"href":"https:\/\/quelaines-stemarie.fr\/index.php\/wp-json\/wp\/v2\/posts\/2848\/revisions\/2850"}],"wp:featuredmedia":[{"embeddable":true,"href":"https:\/\/quelaines-stemarie.fr\/index.php\/wp-json\/wp\/v2\/media\/2843"}],"wp:attachment":[{"href":"https:\/\/quelaines-stemarie.fr\/index.php\/wp-json\/wp\/v2\/media?parent=2848"}],"wp:term":[{"taxonomy":"category","embeddable":true,"href":"https:\/\/quelaines-stemarie.fr\/index.php\/wp-json\/wp\/v2\/categories?post=2848"},{"taxonomy":"post_tag","embeddable":true,"href":"https:\/\/quelaines-stemarie.fr\/index.php\/wp-json\/wp\/v2\/tags?post=2848"}],"curies":[{"name":"wp","href":"https:\/\/api.w.org\/{rel}","templated":true}]}}