{"id":2877,"date":"2019-01-28T15:17:48","date_gmt":"2019-01-28T14:17:48","guid":{"rendered":"http:\/\/quelaines-stemarie.fr\/?p=2877"},"modified":"2022-09-24T13:48:06","modified_gmt":"2022-09-24T12:48:06","slug":"arts-visuels-en-ce-cm-17","status":"publish","type":"post","link":"https:\/\/quelaines-stemarie.fr\/index.php\/2019\/01\/28\/arts-visuels-en-ce-cm-17\/","title":{"rendered":"Arts Visuels en CE-CM"},"content":{"rendered":"<p>Il y a quelques jours c&#8217;\u00e9tait la pleine lune.<\/p>\n<p>Une lune pleine dans un ciel d&#8217;hiver cela m\u00e9rite de s&#8217;y int\u00e9resser&#8230;.<\/p>\n<p>Voici quelques r\u00e9sultats&#8230;.\u00e0 la mani\u00e8re du peintre Gustav KLIMT.<\/p>\n<p><img loading=\"lazy\" decoding=\"async\" class=\"alignnone wp-image-2878 size-large\" src=\"http:\/\/quelaines-stemarie.fr\/wp-content\/uploads\/CIMG5524-1024x772.jpg\" alt=\"\" width=\"900\" height=\"679\" srcset=\"https:\/\/quelaines-stemarie.fr\/wp-content\/uploads\/CIMG5524-1024x772.jpg 1024w, https:\/\/quelaines-stemarie.fr\/wp-content\/uploads\/CIMG5524-300x226.jpg 300w, https:\/\/quelaines-stemarie.fr\/wp-content\/uploads\/CIMG5524-768x579.jpg 768w, https:\/\/quelaines-stemarie.fr\/wp-content\/uploads\/CIMG5524-150x113.jpg 150w\" sizes=\"auto, (max-width: 900px) 100vw, 900px\" \/><\/p>\n","protected":false},"excerpt":{"rendered":"<p>Il y a quelques jours c&#8217;\u00e9tait la pleine lune. Une lune pleine dans un ciel d&#8217;hiver cela m\u00e9rite de s&#8217;y int\u00e9resser&#8230;. Voici quelques r\u00e9sultats&#8230;.\u00e0 la mani\u00e8re du peintre Gustav KLIMT.<\/p>\n<p class=\"continue-reading-button\"> <a class=\"continue-reading-link\" href=\"https:\/\/quelaines-stemarie.fr\/index.php\/2019\/01\/28\/arts-visuels-en-ce-cm-17\/\">Lire la suite&#8230;<i class=\"crycon-right-dir\"><\/i><\/a><\/p>\n","protected":false},"author":1,"featured_media":0,"comment_status":"closed","ping_status":"closed","sticky":false,"template":"","format":"standard","meta":{"footnotes":""},"categories":[10,239],"tags":[],"class_list":["post-2877","post","type-post","status-publish","format-standard","hentry","category-cat-actualites","category-arts-visuels-avec-sylvie-a"],"_links":{"self":[{"href":"https:\/\/quelaines-stemarie.fr\/index.php\/wp-json\/wp\/v2\/posts\/2877","targetHints":{"allow":["GET"]}}],"collection":[{"href":"https:\/\/quelaines-stemarie.fr\/index.php\/wp-json\/wp\/v2\/posts"}],"about":[{"href":"https:\/\/quelaines-stemarie.fr\/index.php\/wp-json\/wp\/v2\/types\/post"}],"author":[{"embeddable":true,"href":"https:\/\/quelaines-stemarie.fr\/index.php\/wp-json\/wp\/v2\/users\/1"}],"replies":[{"embeddable":true,"href":"https:\/\/quelaines-stemarie.fr\/index.php\/wp-json\/wp\/v2\/comments?post=2877"}],"version-history":[{"count":2,"href":"https:\/\/quelaines-stemarie.fr\/index.php\/wp-json\/wp\/v2\/posts\/2877\/revisions"}],"predecessor-version":[{"id":8842,"href":"https:\/\/quelaines-stemarie.fr\/index.php\/wp-json\/wp\/v2\/posts\/2877\/revisions\/8842"}],"wp:attachment":[{"href":"https:\/\/quelaines-stemarie.fr\/index.php\/wp-json\/wp\/v2\/media?parent=2877"}],"wp:term":[{"taxonomy":"category","embeddable":true,"href":"https:\/\/quelaines-stemarie.fr\/index.php\/wp-json\/wp\/v2\/categories?post=2877"},{"taxonomy":"post_tag","embeddable":true,"href":"https:\/\/quelaines-stemarie.fr\/index.php\/wp-json\/wp\/v2\/tags?post=2877"}],"curies":[{"name":"wp","href":"https:\/\/api.w.org\/{rel}","templated":true}]}}