{"id":3092,"date":"2019-03-29T17:24:44","date_gmt":"2019-03-29T16:24:44","guid":{"rendered":"http:\/\/quelaines-stemarie.fr\/?p=3092"},"modified":"2022-09-24T13:45:58","modified_gmt":"2022-09-24T12:45:58","slug":"arts-visuels-en-ce-cm-20","status":"publish","type":"post","link":"https:\/\/quelaines-stemarie.fr\/index.php\/2019\/03\/29\/arts-visuels-en-ce-cm-20\/","title":{"rendered":"Arts visuels en CE-CM"},"content":{"rendered":"<p>Nous avons observ\u00e9 quelques \u0153uvres du peintre Pablo PICASSO.<\/p>\n<p>Les portraits cubistes sont rigolos, il y a la face et le profil dans le m\u00eame visage!<\/p>\n<p>Voici quelques unes de nos r\u00e9alisations.<\/p>\n<p><img loading=\"lazy\" decoding=\"async\" class=\"alignnone wp-image-3093 size-large\" src=\"http:\/\/quelaines-stemarie.fr\/wp-content\/uploads\/CE1-3-1004x1024.jpg\" alt=\"\" width=\"900\" height=\"918\" srcset=\"https:\/\/quelaines-stemarie.fr\/wp-content\/uploads\/CE1-3-1004x1024.jpg 1004w, https:\/\/quelaines-stemarie.fr\/wp-content\/uploads\/CE1-3-294x300.jpg 294w, https:\/\/quelaines-stemarie.fr\/wp-content\/uploads\/CE1-3-768x783.jpg 768w, https:\/\/quelaines-stemarie.fr\/wp-content\/uploads\/CE1-3-147x150.jpg 147w, https:\/\/quelaines-stemarie.fr\/wp-content\/uploads\/CE1-3.jpg 1746w\" sizes=\"auto, (max-width: 900px) 100vw, 900px\" \/><\/p>\n<p><img loading=\"lazy\" decoding=\"async\" class=\"alignnone wp-image-3094 size-large\" src=\"http:\/\/quelaines-stemarie.fr\/wp-content\/uploads\/CE2-5-1024x811.jpg\" alt=\"\" width=\"900\" height=\"713\" srcset=\"https:\/\/quelaines-stemarie.fr\/wp-content\/uploads\/CE2-5-1024x811.jpg 1024w, https:\/\/quelaines-stemarie.fr\/wp-content\/uploads\/CE2-5-300x237.jpg 300w, https:\/\/quelaines-stemarie.fr\/wp-content\/uploads\/CE2-5-768x608.jpg 768w, https:\/\/quelaines-stemarie.fr\/wp-content\/uploads\/CE2-5-150x119.jpg 150w\" sizes=\"auto, (max-width: 900px) 100vw, 900px\" \/><\/p>\n<p><img loading=\"lazy\" decoding=\"async\" class=\"alignnone wp-image-3095 size-large\" src=\"http:\/\/quelaines-stemarie.fr\/wp-content\/uploads\/CM1-4-1024x724.jpg\" alt=\"\" width=\"900\" height=\"636\" srcset=\"https:\/\/quelaines-stemarie.fr\/wp-content\/uploads\/CM1-4-1024x724.jpg 1024w, https:\/\/quelaines-stemarie.fr\/wp-content\/uploads\/CM1-4-300x212.jpg 300w, https:\/\/quelaines-stemarie.fr\/wp-content\/uploads\/CM1-4-768x543.jpg 768w, https:\/\/quelaines-stemarie.fr\/wp-content\/uploads\/CM1-4-150x106.jpg 150w\" sizes=\"auto, (max-width: 900px) 100vw, 900px\" \/><\/p>\n<p><img loading=\"lazy\" decoding=\"async\" class=\"alignnone wp-image-3096 size-large\" src=\"http:\/\/quelaines-stemarie.fr\/wp-content\/uploads\/CM2-5-1024x770.jpg\" alt=\"\" width=\"900\" height=\"677\" srcset=\"https:\/\/quelaines-stemarie.fr\/wp-content\/uploads\/CM2-5-1024x770.jpg 1024w, https:\/\/quelaines-stemarie.fr\/wp-content\/uploads\/CM2-5-300x226.jpg 300w, https:\/\/quelaines-stemarie.fr\/wp-content\/uploads\/CM2-5-768x578.jpg 768w, https:\/\/quelaines-stemarie.fr\/wp-content\/uploads\/CM2-5-150x113.jpg 150w\" sizes=\"auto, (max-width: 900px) 100vw, 900px\" \/><\/p>\n","protected":false},"excerpt":{"rendered":"<p>Nous avons observ\u00e9 quelques \u0153uvres du peintre Pablo PICASSO. Les portraits cubistes sont rigolos, il y a la face et le profil dans le m\u00eame visage! Voici quelques unes de nos r\u00e9alisations.<\/p>\n<p class=\"continue-reading-button\"> <a class=\"continue-reading-link\" href=\"https:\/\/quelaines-stemarie.fr\/index.php\/2019\/03\/29\/arts-visuels-en-ce-cm-20\/\">Lire la suite&#8230;<i class=\"crycon-right-dir\"><\/i><\/a><\/p>\n","protected":false},"author":1,"featured_media":0,"comment_status":"closed","ping_status":"closed","sticky":false,"template":"","format":"standard","meta":{"footnotes":""},"categories":[10,239],"tags":[],"class_list":["post-3092","post","type-post","status-publish","format-standard","hentry","category-cat-actualites","category-arts-visuels-avec-sylvie-a"],"_links":{"self":[{"href":"https:\/\/quelaines-stemarie.fr\/index.php\/wp-json\/wp\/v2\/posts\/3092","targetHints":{"allow":["GET"]}}],"collection":[{"href":"https:\/\/quelaines-stemarie.fr\/index.php\/wp-json\/wp\/v2\/posts"}],"about":[{"href":"https:\/\/quelaines-stemarie.fr\/index.php\/wp-json\/wp\/v2\/types\/post"}],"author":[{"embeddable":true,"href":"https:\/\/quelaines-stemarie.fr\/index.php\/wp-json\/wp\/v2\/users\/1"}],"replies":[{"embeddable":true,"href":"https:\/\/quelaines-stemarie.fr\/index.php\/wp-json\/wp\/v2\/comments?post=3092"}],"version-history":[{"count":2,"href":"https:\/\/quelaines-stemarie.fr\/index.php\/wp-json\/wp\/v2\/posts\/3092\/revisions"}],"predecessor-version":[{"id":8839,"href":"https:\/\/quelaines-stemarie.fr\/index.php\/wp-json\/wp\/v2\/posts\/3092\/revisions\/8839"}],"wp:attachment":[{"href":"https:\/\/quelaines-stemarie.fr\/index.php\/wp-json\/wp\/v2\/media?parent=3092"}],"wp:term":[{"taxonomy":"category","embeddable":true,"href":"https:\/\/quelaines-stemarie.fr\/index.php\/wp-json\/wp\/v2\/categories?post=3092"},{"taxonomy":"post_tag","embeddable":true,"href":"https:\/\/quelaines-stemarie.fr\/index.php\/wp-json\/wp\/v2\/tags?post=3092"}],"curies":[{"name":"wp","href":"https:\/\/api.w.org\/{rel}","templated":true}]}}