{"id":3566,"date":"2019-09-07T10:02:03","date_gmt":"2019-09-07T09:02:03","guid":{"rendered":"http:\/\/quelaines-stemarie.fr\/?p=3566"},"modified":"2019-10-03T20:41:52","modified_gmt":"2019-10-03T19:41:52","slug":"cest-la-rentree-pour-les-cp","status":"publish","type":"post","link":"https:\/\/quelaines-stemarie.fr\/index.php\/2019\/09\/07\/cest-la-rentree-pour-les-cp\/","title":{"rendered":"C&#8217;est la rentr\u00e9e pour les CP !"},"content":{"rendered":"\n<p>Lundi 2 septembre, les \u00e9l\u00e8ves de CP, munis de leur ticket, ont pu entrer dans leur nouvelle classe d\u00e9cor\u00e9e aux couleurs de Harry Potter. Au programme: distribution des baguettes magiques, retrouvailles avec les camarades, d\u00e9couverte des diff\u00e9rents espaces, mise en place des rituels, rangement des fournitures, jeux coop\u00e9ratifs&#8230; Et tout \u00e7a avec le sourire ! Peu \u00e0 peu, chacun apprend \u00e0 utiliser son mat\u00e9riel et prend ses marques dans la classe. <\/p>\n\n\n\n<figure class=\"wp-block-image\"><img loading=\"lazy\" decoding=\"async\" width=\"1024\" height=\"635\" src=\"http:\/\/quelaines-stemarie.fr\/wp-content\/uploads\/P1100727-1024x635.jpg\" alt=\"\" class=\"wp-image-3568\" srcset=\"https:\/\/quelaines-stemarie.fr\/wp-content\/uploads\/P1100727-1024x635.jpg 1024w, https:\/\/quelaines-stemarie.fr\/wp-content\/uploads\/P1100727-300x186.jpg 300w, https:\/\/quelaines-stemarie.fr\/wp-content\/uploads\/P1100727-768x476.jpg 768w, https:\/\/quelaines-stemarie.fr\/wp-content\/uploads\/P1100727-150x93.jpg 150w\" sizes=\"auto, (max-width: 1024px) 100vw, 1024px\" \/><\/figure>\n","protected":false},"excerpt":{"rendered":"<p>Lundi 2 septembre, les \u00e9l\u00e8ves de CP, munis de leur ticket, ont pu entrer dans leur nouvelle classe d\u00e9cor\u00e9e aux couleurs de Harry Potter. Au programme: distribution des baguettes magiques, retrouvailles avec les camarades, d\u00e9couverte des diff\u00e9rents espaces, mise en place des rituels, rangement des fournitures, jeux coop\u00e9ratifs&#8230; Et tout\u2026<\/p>\n<p class=\"continue-reading-button\"> <a class=\"continue-reading-link\" href=\"https:\/\/quelaines-stemarie.fr\/index.php\/2019\/09\/07\/cest-la-rentree-pour-les-cp\/\">Lire la suite&#8230;<i class=\"crycon-right-dir\"><\/i><\/a><\/p>\n","protected":false},"author":5,"featured_media":0,"comment_status":"closed","ping_status":"closed","sticky":false,"template":"","format":"standard","meta":{"footnotes":""},"categories":[10,176],"tags":[],"class_list":["post-3566","post","type-post","status-publish","format-standard","hentry","category-cat-actualites","category-cp"],"_links":{"self":[{"href":"https:\/\/quelaines-stemarie.fr\/index.php\/wp-json\/wp\/v2\/posts\/3566","targetHints":{"allow":["GET"]}}],"collection":[{"href":"https:\/\/quelaines-stemarie.fr\/index.php\/wp-json\/wp\/v2\/posts"}],"about":[{"href":"https:\/\/quelaines-stemarie.fr\/index.php\/wp-json\/wp\/v2\/types\/post"}],"author":[{"embeddable":true,"href":"https:\/\/quelaines-stemarie.fr\/index.php\/wp-json\/wp\/v2\/users\/5"}],"replies":[{"embeddable":true,"href":"https:\/\/quelaines-stemarie.fr\/index.php\/wp-json\/wp\/v2\/comments?post=3566"}],"version-history":[{"count":1,"href":"https:\/\/quelaines-stemarie.fr\/index.php\/wp-json\/wp\/v2\/posts\/3566\/revisions"}],"predecessor-version":[{"id":3569,"href":"https:\/\/quelaines-stemarie.fr\/index.php\/wp-json\/wp\/v2\/posts\/3566\/revisions\/3569"}],"wp:attachment":[{"href":"https:\/\/quelaines-stemarie.fr\/index.php\/wp-json\/wp\/v2\/media?parent=3566"}],"wp:term":[{"taxonomy":"category","embeddable":true,"href":"https:\/\/quelaines-stemarie.fr\/index.php\/wp-json\/wp\/v2\/categories?post=3566"},{"taxonomy":"post_tag","embeddable":true,"href":"https:\/\/quelaines-stemarie.fr\/index.php\/wp-json\/wp\/v2\/tags?post=3566"}],"curies":[{"name":"wp","href":"https:\/\/api.w.org\/{rel}","templated":true}]}}