{"id":3598,"date":"2019-09-11T17:47:04","date_gmt":"2019-09-11T16:47:04","guid":{"rendered":"http:\/\/quelaines-stemarie.fr\/?p=3598"},"modified":"2019-09-11T17:50:23","modified_gmt":"2019-09-11T16:50:23","slug":"rentree-pour-les-moyens-grands","status":"publish","type":"post","link":"https:\/\/quelaines-stemarie.fr\/index.php\/2019\/09\/11\/rentree-pour-les-moyens-grands\/","title":{"rendered":"Rentr\u00e9e pour les MOYENS-GRANDS"},"content":{"rendered":"\n<p>Cette ann\u00e9e nous avons une nouvelle mascotte : le LOUP. Il nous accompagnera dans toutes nos d\u00e9couvertes en classe et \u00e0 l&#8217;ext\u00e9rieur. Il viendra dans les familles le week-end. <\/p>\n\n\n\n<p>I<\/p>\n\n\n\n<figure class=\"wp-block-image\"><img loading=\"lazy\" decoding=\"async\" width=\"1024\" height=\"683\" src=\"http:\/\/quelaines-stemarie.fr\/wp-content\/uploads\/106_4342-1024x683.jpg\" alt=\"\" class=\"wp-image-3596\" srcset=\"https:\/\/quelaines-stemarie.fr\/wp-content\/uploads\/106_4342-1024x683.jpg 1024w, https:\/\/quelaines-stemarie.fr\/wp-content\/uploads\/106_4342-300x200.jpg 300w, https:\/\/quelaines-stemarie.fr\/wp-content\/uploads\/106_4342-768x512.jpg 768w, https:\/\/quelaines-stemarie.fr\/wp-content\/uploads\/106_4342-150x100.jpg 150w\" sizes=\"auto, (max-width: 1024px) 100vw, 1024px\" \/><\/figure>\n\n\n\n<figure class=\"wp-block-image\"><img loading=\"lazy\" decoding=\"async\" width=\"1024\" height=\"683\" src=\"http:\/\/quelaines-stemarie.fr\/wp-content\/uploads\/106_4343-1024x683.jpg\" alt=\"\" class=\"wp-image-3595\" srcset=\"https:\/\/quelaines-stemarie.fr\/wp-content\/uploads\/106_4343-1024x683.jpg 1024w, https:\/\/quelaines-stemarie.fr\/wp-content\/uploads\/106_4343-300x200.jpg 300w, https:\/\/quelaines-stemarie.fr\/wp-content\/uploads\/106_4343-768x512.jpg 768w, https:\/\/quelaines-stemarie.fr\/wp-content\/uploads\/106_4343-150x100.jpg 150w\" sizes=\"auto, (max-width: 1024px) 100vw, 1024px\" \/><figcaption><br><\/figcaption><\/figure>\n","protected":false},"excerpt":{"rendered":"<p>Cette ann\u00e9e nous avons une nouvelle mascotte : le LOUP. Il nous accompagnera dans toutes nos d\u00e9couvertes en classe et \u00e0 l&#8217;ext\u00e9rieur. Il viendra dans les familles le week-end. I<\/p>\n<p class=\"continue-reading-button\"> <a class=\"continue-reading-link\" href=\"https:\/\/quelaines-stemarie.fr\/index.php\/2019\/09\/11\/rentree-pour-les-moyens-grands\/\">Lire la suite&#8230;<i class=\"crycon-right-dir\"><\/i><\/a><\/p>\n","protected":false},"author":1,"featured_media":3596,"comment_status":"closed","ping_status":"closed","sticky":false,"template":"","format":"standard","meta":{"footnotes":""},"categories":[10,93],"tags":[],"class_list":["post-3598","post","type-post","status-publish","format-standard","has-post-thumbnail","hentry","category-cat-actualites","category-ms-gs-de-jocelyne"],"_links":{"self":[{"href":"https:\/\/quelaines-stemarie.fr\/index.php\/wp-json\/wp\/v2\/posts\/3598","targetHints":{"allow":["GET"]}}],"collection":[{"href":"https:\/\/quelaines-stemarie.fr\/index.php\/wp-json\/wp\/v2\/posts"}],"about":[{"href":"https:\/\/quelaines-stemarie.fr\/index.php\/wp-json\/wp\/v2\/types\/post"}],"author":[{"embeddable":true,"href":"https:\/\/quelaines-stemarie.fr\/index.php\/wp-json\/wp\/v2\/users\/1"}],"replies":[{"embeddable":true,"href":"https:\/\/quelaines-stemarie.fr\/index.php\/wp-json\/wp\/v2\/comments?post=3598"}],"version-history":[{"count":1,"href":"https:\/\/quelaines-stemarie.fr\/index.php\/wp-json\/wp\/v2\/posts\/3598\/revisions"}],"predecessor-version":[{"id":3599,"href":"https:\/\/quelaines-stemarie.fr\/index.php\/wp-json\/wp\/v2\/posts\/3598\/revisions\/3599"}],"wp:featuredmedia":[{"embeddable":true,"href":"https:\/\/quelaines-stemarie.fr\/index.php\/wp-json\/wp\/v2\/media\/3596"}],"wp:attachment":[{"href":"https:\/\/quelaines-stemarie.fr\/index.php\/wp-json\/wp\/v2\/media?parent=3598"}],"wp:term":[{"taxonomy":"category","embeddable":true,"href":"https:\/\/quelaines-stemarie.fr\/index.php\/wp-json\/wp\/v2\/categories?post=3598"},{"taxonomy":"post_tag","embeddable":true,"href":"https:\/\/quelaines-stemarie.fr\/index.php\/wp-json\/wp\/v2\/tags?post=3598"}],"curies":[{"name":"wp","href":"https:\/\/api.w.org\/{rel}","templated":true}]}}