{"id":3664,"date":"2019-09-22T15:28:35","date_gmt":"2019-09-22T14:28:35","guid":{"rendered":"http:\/\/quelaines-stemarie.fr\/?p=3664"},"modified":"2019-09-22T15:28:35","modified_gmt":"2019-09-22T14:28:35","slug":"la-classe-des-ce1-ce2","status":"publish","type":"post","link":"https:\/\/quelaines-stemarie.fr\/index.php\/2019\/09\/22\/la-classe-des-ce1-ce2\/","title":{"rendered":"La classe des CE1-CE2"},"content":{"rendered":"\n<p>Voici les \u00e9l\u00e8ves de la classe CE1-CE2. Nous sommes 21 : 9 CE1 et 12 CE2. Notre ma\u00eetresse s&#8217;appelle C\u00e9line. Apr\u00e8s 2 mois de vacances, nous sommes contents de nous retrouver et de passer une nouvelle ann\u00e9e scolaire ensemble.<\/p>\n\n\n\n<figure class=\"wp-block-image\"><img decoding=\"async\" src=\"http:\/\/quelaines-stemarie.fr\/wp-content\/uploads\/IMG_1256-1024x768.jpg\" alt=\"\" class=\"wp-image-3672\"\/><\/figure>\n","protected":false},"excerpt":{"rendered":"<p>Voici les \u00e9l\u00e8ves de la classe CE1-CE2. Nous sommes 21 : 9 CE1 et 12 CE2. Notre ma\u00eetresse s&#8217;appelle C\u00e9line. Apr\u00e8s 2 mois de vacances, nous sommes contents de nous retrouver et de passer une nouvelle ann\u00e9e scolaire ensemble.<\/p>\n<p class=\"continue-reading-button\"> <a class=\"continue-reading-link\" href=\"https:\/\/quelaines-stemarie.fr\/index.php\/2019\/09\/22\/la-classe-des-ce1-ce2\/\">Lire la suite&#8230;<i class=\"crycon-right-dir\"><\/i><\/a><\/p>\n","protected":false},"author":5,"featured_media":0,"comment_status":"closed","ping_status":"closed","sticky":false,"template":"","format":"standard","meta":{"footnotes":""},"categories":[94],"tags":[],"class_list":["post-3664","post","type-post","status-publish","format-standard","hentry","category-ce1-ce2"],"_links":{"self":[{"href":"https:\/\/quelaines-stemarie.fr\/index.php\/wp-json\/wp\/v2\/posts\/3664","targetHints":{"allow":["GET"]}}],"collection":[{"href":"https:\/\/quelaines-stemarie.fr\/index.php\/wp-json\/wp\/v2\/posts"}],"about":[{"href":"https:\/\/quelaines-stemarie.fr\/index.php\/wp-json\/wp\/v2\/types\/post"}],"author":[{"embeddable":true,"href":"https:\/\/quelaines-stemarie.fr\/index.php\/wp-json\/wp\/v2\/users\/5"}],"replies":[{"embeddable":true,"href":"https:\/\/quelaines-stemarie.fr\/index.php\/wp-json\/wp\/v2\/comments?post=3664"}],"version-history":[{"count":1,"href":"https:\/\/quelaines-stemarie.fr\/index.php\/wp-json\/wp\/v2\/posts\/3664\/revisions"}],"predecessor-version":[{"id":3674,"href":"https:\/\/quelaines-stemarie.fr\/index.php\/wp-json\/wp\/v2\/posts\/3664\/revisions\/3674"}],"wp:attachment":[{"href":"https:\/\/quelaines-stemarie.fr\/index.php\/wp-json\/wp\/v2\/media?parent=3664"}],"wp:term":[{"taxonomy":"category","embeddable":true,"href":"https:\/\/quelaines-stemarie.fr\/index.php\/wp-json\/wp\/v2\/categories?post=3664"},{"taxonomy":"post_tag","embeddable":true,"href":"https:\/\/quelaines-stemarie.fr\/index.php\/wp-json\/wp\/v2\/tags?post=3664"}],"curies":[{"name":"wp","href":"https:\/\/api.w.org\/{rel}","templated":true}]}}