{"id":3873,"date":"2019-10-13T18:38:54","date_gmt":"2019-10-13T17:38:54","guid":{"rendered":"http:\/\/quelaines-stemarie.fr\/?p=3873"},"modified":"2019-10-13T18:38:54","modified_gmt":"2019-10-13T17:38:54","slug":"assemblee-generale-ogec-apel","status":"publish","type":"post","link":"https:\/\/quelaines-stemarie.fr\/index.php\/2019\/10\/13\/assemblee-generale-ogec-apel\/","title":{"rendered":"Assembl\u00e9e g\u00e9n\u00e9rale OGEC-APEL"},"content":{"rendered":"\n<p>De nombreux parents sont venus ce vendredi 11 octobre  pour d\u00e9couvrir le fonctionnement de l&#8217;\u00e9cole Sainte-Marie , les travaux effectu\u00e9s ou \u00e0 venir,  les bilans financiers , l&#8217;organisation des diff\u00e9rentes manifestations qui ponctuent l&#8217;ann\u00e9e scolaire , les nouveaux projets&#8230;<\/p>\n\n\n\n<p>Quelques parents ont rejoint les  b\u00e9n\u00e9voles des 2 associations. Un grand merci \u00e0 ces nouveaux mais aussi \u00e0 ceux qui quittent l&#8217;\u00e9cole apr\u00e8s de nombreuses ann\u00e9es sans oublier ceux qui restent en place ! C&#8217;est gr\u00e2ce \u00e0 ce dynamisme des parents qui s&#8217;impliquent dans la vie de l&#8217;\u00e9cole, que cette ann\u00e9e encore , nous vivrons de belles  aventures ou d\u00e9couvertes  p\u00e9dagogiques , culturelles ou sportives!<\/p>\n\n\n\n<p><\/p>\n\n\n\n<figure class=\"wp-block-image\"><img loading=\"lazy\" decoding=\"async\" width=\"1024\" height=\"683\" src=\"http:\/\/quelaines-stemarie.fr\/wp-content\/uploads\/106_4483-1024x683.jpg\" alt=\"\" class=\"wp-image-3877\" srcset=\"https:\/\/quelaines-stemarie.fr\/wp-content\/uploads\/106_4483-1024x683.jpg 1024w, https:\/\/quelaines-stemarie.fr\/wp-content\/uploads\/106_4483-300x200.jpg 300w, https:\/\/quelaines-stemarie.fr\/wp-content\/uploads\/106_4483-768x512.jpg 768w, https:\/\/quelaines-stemarie.fr\/wp-content\/uploads\/106_4483-150x100.jpg 150w\" sizes=\"auto, (max-width: 1024px) 100vw, 1024px\" \/><\/figure>\n\n\n\n<figure class=\"wp-block-image\"><img loading=\"lazy\" decoding=\"async\" width=\"1024\" height=\"683\" src=\"http:\/\/quelaines-stemarie.fr\/wp-content\/uploads\/106_4485-1024x683.jpg\" alt=\"\" class=\"wp-image-3876\" srcset=\"https:\/\/quelaines-stemarie.fr\/wp-content\/uploads\/106_4485-1024x683.jpg 1024w, https:\/\/quelaines-stemarie.fr\/wp-content\/uploads\/106_4485-300x200.jpg 300w, https:\/\/quelaines-stemarie.fr\/wp-content\/uploads\/106_4485-768x512.jpg 768w, https:\/\/quelaines-stemarie.fr\/wp-content\/uploads\/106_4485-150x100.jpg 150w\" sizes=\"auto, (max-width: 1024px) 100vw, 1024px\" \/><\/figure>\n\n\n\n<figure class=\"wp-block-image\"><img loading=\"lazy\" decoding=\"async\" width=\"1024\" height=\"683\" src=\"http:\/\/quelaines-stemarie.fr\/wp-content\/uploads\/106_4487-1024x683.jpg\" alt=\"\" class=\"wp-image-3878\" srcset=\"https:\/\/quelaines-stemarie.fr\/wp-content\/uploads\/106_4487-1024x683.jpg 1024w, https:\/\/quelaines-stemarie.fr\/wp-content\/uploads\/106_4487-300x200.jpg 300w, https:\/\/quelaines-stemarie.fr\/wp-content\/uploads\/106_4487-768x512.jpg 768w, https:\/\/quelaines-stemarie.fr\/wp-content\/uploads\/106_4487-150x100.jpg 150w\" sizes=\"auto, (max-width: 1024px) 100vw, 1024px\" \/><\/figure>\n\n\n\n<figure class=\"wp-block-image\"><img loading=\"lazy\" decoding=\"async\" width=\"1024\" height=\"683\" src=\"http:\/\/quelaines-stemarie.fr\/wp-content\/uploads\/106_4490-1024x683.jpg\" alt=\"\" class=\"wp-image-3879\" srcset=\"https:\/\/quelaines-stemarie.fr\/wp-content\/uploads\/106_4490-1024x683.jpg 1024w, https:\/\/quelaines-stemarie.fr\/wp-content\/uploads\/106_4490-300x200.jpg 300w, https:\/\/quelaines-stemarie.fr\/wp-content\/uploads\/106_4490-768x512.jpg 768w, https:\/\/quelaines-stemarie.fr\/wp-content\/uploads\/106_4490-150x100.jpg 150w\" sizes=\"auto, (max-width: 1024px) 100vw, 1024px\" \/><\/figure>\n","protected":false},"excerpt":{"rendered":"<p>De nombreux parents sont venus ce vendredi 11 octobre pour d\u00e9couvrir le fonctionnement de l&#8217;\u00e9cole Sainte-Marie , les travaux effectu\u00e9s ou \u00e0 venir, les bilans financiers , l&#8217;organisation des diff\u00e9rentes manifestations qui ponctuent l&#8217;ann\u00e9e scolaire , les nouveaux projets&#8230; Quelques parents ont rejoint les b\u00e9n\u00e9voles des 2 associations. Un grand\u2026<\/p>\n<p class=\"continue-reading-button\"> <a class=\"continue-reading-link\" href=\"https:\/\/quelaines-stemarie.fr\/index.php\/2019\/10\/13\/assemblee-generale-ogec-apel\/\">Lire la suite&#8230;<i class=\"crycon-right-dir\"><\/i><\/a><\/p>\n","protected":false},"author":1,"featured_media":3877,"comment_status":"closed","ping_status":"closed","sticky":false,"template":"","format":"standard","meta":{"footnotes":""},"categories":[10,26,9,1],"tags":[],"class_list":["post-3873","post","type-post","status-publish","format-standard","has-post-thumbnail","hentry","category-cat-actualites","category-actualites-apel","category-cat-actuapelogec","category-non-classe"],"_links":{"self":[{"href":"https:\/\/quelaines-stemarie.fr\/index.php\/wp-json\/wp\/v2\/posts\/3873","targetHints":{"allow":["GET"]}}],"collection":[{"href":"https:\/\/quelaines-stemarie.fr\/index.php\/wp-json\/wp\/v2\/posts"}],"about":[{"href":"https:\/\/quelaines-stemarie.fr\/index.php\/wp-json\/wp\/v2\/types\/post"}],"author":[{"embeddable":true,"href":"https:\/\/quelaines-stemarie.fr\/index.php\/wp-json\/wp\/v2\/users\/1"}],"replies":[{"embeddable":true,"href":"https:\/\/quelaines-stemarie.fr\/index.php\/wp-json\/wp\/v2\/comments?post=3873"}],"version-history":[{"count":2,"href":"https:\/\/quelaines-stemarie.fr\/index.php\/wp-json\/wp\/v2\/posts\/3873\/revisions"}],"predecessor-version":[{"id":3880,"href":"https:\/\/quelaines-stemarie.fr\/index.php\/wp-json\/wp\/v2\/posts\/3873\/revisions\/3880"}],"wp:featuredmedia":[{"embeddable":true,"href":"https:\/\/quelaines-stemarie.fr\/index.php\/wp-json\/wp\/v2\/media\/3877"}],"wp:attachment":[{"href":"https:\/\/quelaines-stemarie.fr\/index.php\/wp-json\/wp\/v2\/media?parent=3873"}],"wp:term":[{"taxonomy":"category","embeddable":true,"href":"https:\/\/quelaines-stemarie.fr\/index.php\/wp-json\/wp\/v2\/categories?post=3873"},{"taxonomy":"post_tag","embeddable":true,"href":"https:\/\/quelaines-stemarie.fr\/index.php\/wp-json\/wp\/v2\/tags?post=3873"}],"curies":[{"name":"wp","href":"https:\/\/api.w.org\/{rel}","templated":true}]}}