{"id":3890,"date":"2019-10-14T06:53:46","date_gmt":"2019-10-14T05:53:46","guid":{"rendered":"http:\/\/quelaines-stemarie.fr\/?p=3890"},"modified":"2019-10-14T06:53:46","modified_gmt":"2019-10-14T05:53:46","slug":"les-cp-au-marche-dautomne","status":"publish","type":"post","link":"https:\/\/quelaines-stemarie.fr\/index.php\/2019\/10\/14\/les-cp-au-marche-dautomne\/","title":{"rendered":"Les CP au march\u00e9 d&#8217;automne"},"content":{"rendered":"\n<p>Quelques photos d&#8217;une belle matin\u00e9e au march\u00e9 d&#8217;automne.<\/p>\n\n\n\n<p> L&#8217;occasion pour les enfants de se retrouver et d&#8217;acheter de quoi se r\u00e9galer sur place et pour le reste du week-end !<\/p>\n\n\n\n<ul class=\"wp-block-gallery columns-2 is-cropped wp-block-gallery-1 is-layout-flex wp-block-gallery-is-layout-flex\"><li class=\"blocks-gallery-item\"><figure><img loading=\"lazy\" decoding=\"async\" width=\"1024\" height=\"768\" src=\"http:\/\/quelaines-stemarie.fr\/wp-content\/uploads\/P1100777-1-1024x768.jpg\" alt=\"\" data-id=\"3899\" data-link=\"http:\/\/quelaines-stemarie.fr\/?attachment_id=3899\" class=\"wp-image-3899\" srcset=\"https:\/\/quelaines-stemarie.fr\/wp-content\/uploads\/P1100777-1-1024x768.jpg 1024w, https:\/\/quelaines-stemarie.fr\/wp-content\/uploads\/P1100777-1-300x225.jpg 300w, https:\/\/quelaines-stemarie.fr\/wp-content\/uploads\/P1100777-1-768x576.jpg 768w, https:\/\/quelaines-stemarie.fr\/wp-content\/uploads\/P1100777-1-150x113.jpg 150w\" sizes=\"auto, (max-width: 1024px) 100vw, 1024px\" \/><\/figure><\/li><li class=\"blocks-gallery-item\"><figure><img loading=\"lazy\" decoding=\"async\" width=\"1024\" height=\"768\" src=\"http:\/\/quelaines-stemarie.fr\/wp-content\/uploads\/P1100766-2-1024x768.jpg\" alt=\"\" data-id=\"3900\" data-link=\"http:\/\/quelaines-stemarie.fr\/?attachment_id=3900\" class=\"wp-image-3900\" srcset=\"https:\/\/quelaines-stemarie.fr\/wp-content\/uploads\/P1100766-2-1024x768.jpg 1024w, https:\/\/quelaines-stemarie.fr\/wp-content\/uploads\/P1100766-2-300x225.jpg 300w, https:\/\/quelaines-stemarie.fr\/wp-content\/uploads\/P1100766-2-768x576.jpg 768w, https:\/\/quelaines-stemarie.fr\/wp-content\/uploads\/P1100766-2-150x113.jpg 150w\" sizes=\"auto, (max-width: 1024px) 100vw, 1024px\" \/><\/figure><\/li><li class=\"blocks-gallery-item\"><figure><img loading=\"lazy\" decoding=\"async\" width=\"1024\" height=\"768\" src=\"http:\/\/quelaines-stemarie.fr\/wp-content\/uploads\/P1100768-2-1024x768.jpg\" alt=\"\" data-id=\"3901\" data-link=\"http:\/\/quelaines-stemarie.fr\/?attachment_id=3901\" class=\"wp-image-3901\" srcset=\"https:\/\/quelaines-stemarie.fr\/wp-content\/uploads\/P1100768-2-1024x768.jpg 1024w, https:\/\/quelaines-stemarie.fr\/wp-content\/uploads\/P1100768-2-300x225.jpg 300w, https:\/\/quelaines-stemarie.fr\/wp-content\/uploads\/P1100768-2-768x576.jpg 768w, https:\/\/quelaines-stemarie.fr\/wp-content\/uploads\/P1100768-2-150x113.jpg 150w\" sizes=\"auto, (max-width: 1024px) 100vw, 1024px\" \/><\/figure><\/li><li class=\"blocks-gallery-item\"><figure><img loading=\"lazy\" decoding=\"async\" width=\"1024\" height=\"768\" src=\"http:\/\/quelaines-stemarie.fr\/wp-content\/uploads\/P1100791-1-1024x768.jpg\" alt=\"\" data-id=\"3902\" data-link=\"http:\/\/quelaines-stemarie.fr\/?attachment_id=3902\" class=\"wp-image-3902\" srcset=\"https:\/\/quelaines-stemarie.fr\/wp-content\/uploads\/P1100791-1-1024x768.jpg 1024w, https:\/\/quelaines-stemarie.fr\/wp-content\/uploads\/P1100791-1-300x225.jpg 300w, https:\/\/quelaines-stemarie.fr\/wp-content\/uploads\/P1100791-1-768x576.jpg 768w, https:\/\/quelaines-stemarie.fr\/wp-content\/uploads\/P1100791-1-150x113.jpg 150w\" sizes=\"auto, (max-width: 1024px) 100vw, 1024px\" \/><\/figure><\/li><\/ul>\n","protected":false},"excerpt":{"rendered":"<p>Quelques photos d&#8217;une belle matin\u00e9e au march\u00e9 d&#8217;automne. L&#8217;occasion pour les enfants de se retrouver et d&#8217;acheter de quoi se r\u00e9galer sur place et pour le reste du week-end !<\/p>\n<p class=\"continue-reading-button\"> <a class=\"continue-reading-link\" href=\"https:\/\/quelaines-stemarie.fr\/index.php\/2019\/10\/14\/les-cp-au-marche-dautomne\/\">Lire la suite&#8230;<i class=\"crycon-right-dir\"><\/i><\/a><\/p>\n","protected":false},"author":5,"featured_media":0,"comment_status":"closed","ping_status":"closed","sticky":false,"template":"","format":"standard","meta":{"footnotes":""},"categories":[10,178],"tags":[],"class_list":["post-3890","post","type-post","status-publish","format-standard","hentry","category-cat-actualites","category-cp-de-gabrielle"],"_links":{"self":[{"href":"https:\/\/quelaines-stemarie.fr\/index.php\/wp-json\/wp\/v2\/posts\/3890","targetHints":{"allow":["GET"]}}],"collection":[{"href":"https:\/\/quelaines-stemarie.fr\/index.php\/wp-json\/wp\/v2\/posts"}],"about":[{"href":"https:\/\/quelaines-stemarie.fr\/index.php\/wp-json\/wp\/v2\/types\/post"}],"author":[{"embeddable":true,"href":"https:\/\/quelaines-stemarie.fr\/index.php\/wp-json\/wp\/v2\/users\/5"}],"replies":[{"embeddable":true,"href":"https:\/\/quelaines-stemarie.fr\/index.php\/wp-json\/wp\/v2\/comments?post=3890"}],"version-history":[{"count":2,"href":"https:\/\/quelaines-stemarie.fr\/index.php\/wp-json\/wp\/v2\/posts\/3890\/revisions"}],"predecessor-version":[{"id":3903,"href":"https:\/\/quelaines-stemarie.fr\/index.php\/wp-json\/wp\/v2\/posts\/3890\/revisions\/3903"}],"wp:attachment":[{"href":"https:\/\/quelaines-stemarie.fr\/index.php\/wp-json\/wp\/v2\/media?parent=3890"}],"wp:term":[{"taxonomy":"category","embeddable":true,"href":"https:\/\/quelaines-stemarie.fr\/index.php\/wp-json\/wp\/v2\/categories?post=3890"},{"taxonomy":"post_tag","embeddable":true,"href":"https:\/\/quelaines-stemarie.fr\/index.php\/wp-json\/wp\/v2\/tags?post=3890"}],"curies":[{"name":"wp","href":"https:\/\/api.w.org\/{rel}","templated":true}]}}