{"id":4435,"date":"2020-01-23T17:28:24","date_gmt":"2020-01-23T16:28:24","guid":{"rendered":"http:\/\/quelaines-stemarie.fr\/?p=4435"},"modified":"2022-09-24T13:36:59","modified_gmt":"2022-09-24T12:36:59","slug":"arts-visuels-ce-cm-3","status":"publish","type":"post","link":"https:\/\/quelaines-stemarie.fr\/index.php\/2020\/01\/23\/arts-visuels-ce-cm-3\/","title":{"rendered":"Arts Visuels CE-CM"},"content":{"rendered":"\n<p>Les CM1 et CM2 ont fabriqu\u00e9 des cartes de v\u0153ux pour les personnes \u00e2g\u00e9es du foyer logement &#8221; Le Mottais&#8221;. <\/p>\n\n\n\n<p>Ils ont ensuite \u00e9crit les textes, avec leur ma\u00eetresse, Sophie, dans leur classe.<\/p>\n\n\n\n<div class=\"wp-block-group\"><div class=\"wp-block-group__inner-container is-layout-flow wp-block-group-is-layout-flow\">\n<figure class=\"wp-block-gallery has-nested-images columns-default is-cropped wp-block-gallery-1 is-layout-flex wp-block-gallery-is-layout-flex\">\n<figure class=\"wp-block-image size-large\"><img loading=\"lazy\" decoding=\"async\" width=\"993\" height=\"1024\" data-id=\"4439\" src=\"http:\/\/quelaines-stemarie.fr\/wp-content\/uploads\/CIMG6229-1-993x1024.jpg\" alt=\"\" class=\"wp-image-4439\" srcset=\"https:\/\/quelaines-stemarie.fr\/wp-content\/uploads\/CIMG6229-1-993x1024.jpg 993w, https:\/\/quelaines-stemarie.fr\/wp-content\/uploads\/CIMG6229-1-291x300.jpg 291w, https:\/\/quelaines-stemarie.fr\/wp-content\/uploads\/CIMG6229-1-768x792.jpg 768w, https:\/\/quelaines-stemarie.fr\/wp-content\/uploads\/CIMG6229-1-1490x1536.jpg 1490w, https:\/\/quelaines-stemarie.fr\/wp-content\/uploads\/CIMG6229-1-146x150.jpg 146w, https:\/\/quelaines-stemarie.fr\/wp-content\/uploads\/CIMG6229-1.jpg 1791w\" sizes=\"auto, (max-width: 993px) 100vw, 993px\" \/><\/figure>\n\n\n\n<figure class=\"wp-block-image size-large\"><img loading=\"lazy\" decoding=\"async\" width=\"982\" height=\"1024\" data-id=\"4440\" src=\"http:\/\/quelaines-stemarie.fr\/wp-content\/uploads\/CIMG6230-2-982x1024.jpg\" alt=\"\" class=\"wp-image-4440\" srcset=\"https:\/\/quelaines-stemarie.fr\/wp-content\/uploads\/CIMG6230-2-982x1024.jpg 982w, https:\/\/quelaines-stemarie.fr\/wp-content\/uploads\/CIMG6230-2-288x300.jpg 288w, https:\/\/quelaines-stemarie.fr\/wp-content\/uploads\/CIMG6230-2-768x801.jpg 768w, https:\/\/quelaines-stemarie.fr\/wp-content\/uploads\/CIMG6230-2-1473x1536.jpg 1473w, https:\/\/quelaines-stemarie.fr\/wp-content\/uploads\/CIMG6230-2-144x150.jpg 144w, https:\/\/quelaines-stemarie.fr\/wp-content\/uploads\/CIMG6230-2.jpg 1585w\" sizes=\"auto, (max-width: 982px) 100vw, 982px\" \/><\/figure>\n<\/figure>\n<\/div><\/div>\n","protected":false},"excerpt":{"rendered":"<p>Les CM1 et CM2 ont fabriqu\u00e9 des cartes de v\u0153ux pour les personnes \u00e2g\u00e9es du foyer logement &#8221; Le Mottais&#8221;. Ils ont ensuite \u00e9crit les textes, avec leur ma\u00eetresse, Sophie, dans leur classe.<\/p>\n<p class=\"continue-reading-button\"> <a class=\"continue-reading-link\" href=\"https:\/\/quelaines-stemarie.fr\/index.php\/2020\/01\/23\/arts-visuels-ce-cm-3\/\">Lire la suite&#8230;<i class=\"crycon-right-dir\"><\/i><\/a><\/p>\n","protected":false},"author":1,"featured_media":0,"comment_status":"closed","ping_status":"closed","sticky":false,"template":"","format":"standard","meta":{"footnotes":""},"categories":[10,239],"tags":[],"class_list":["post-4435","post","type-post","status-publish","format-standard","hentry","category-cat-actualites","category-arts-visuels-avec-sylvie-a"],"_links":{"self":[{"href":"https:\/\/quelaines-stemarie.fr\/index.php\/wp-json\/wp\/v2\/posts\/4435","targetHints":{"allow":["GET"]}}],"collection":[{"href":"https:\/\/quelaines-stemarie.fr\/index.php\/wp-json\/wp\/v2\/posts"}],"about":[{"href":"https:\/\/quelaines-stemarie.fr\/index.php\/wp-json\/wp\/v2\/types\/post"}],"author":[{"embeddable":true,"href":"https:\/\/quelaines-stemarie.fr\/index.php\/wp-json\/wp\/v2\/users\/1"}],"replies":[{"embeddable":true,"href":"https:\/\/quelaines-stemarie.fr\/index.php\/wp-json\/wp\/v2\/comments?post=4435"}],"version-history":[{"count":2,"href":"https:\/\/quelaines-stemarie.fr\/index.php\/wp-json\/wp\/v2\/posts\/4435\/revisions"}],"predecessor-version":[{"id":8830,"href":"https:\/\/quelaines-stemarie.fr\/index.php\/wp-json\/wp\/v2\/posts\/4435\/revisions\/8830"}],"wp:attachment":[{"href":"https:\/\/quelaines-stemarie.fr\/index.php\/wp-json\/wp\/v2\/media?parent=4435"}],"wp:term":[{"taxonomy":"category","embeddable":true,"href":"https:\/\/quelaines-stemarie.fr\/index.php\/wp-json\/wp\/v2\/categories?post=4435"},{"taxonomy":"post_tag","embeddable":true,"href":"https:\/\/quelaines-stemarie.fr\/index.php\/wp-json\/wp\/v2\/tags?post=4435"}],"curies":[{"name":"wp","href":"https:\/\/api.w.org\/{rel}","templated":true}]}}