{"id":5142,"date":"2020-07-01T13:02:27","date_gmt":"2020-07-01T12:02:27","guid":{"rendered":"http:\/\/quelaines-stemarie.fr\/?p=5142"},"modified":"2020-07-01T13:02:28","modified_gmt":"2020-07-01T12:02:28","slug":"fin-dannee-scolaire","status":"publish","type":"post","link":"https:\/\/quelaines-stemarie.fr\/index.php\/2020\/07\/01\/fin-dannee-scolaire\/","title":{"rendered":"Fin d&#8217;ann\u00e9e scolaire"},"content":{"rendered":"\n<p>Heureusement depuis le 22 juin, tous les \u00e9l\u00e8ves de toutes les classes ont pu revenir \u00e0 l&#8217;\u00e9cole. Le protocole sanitaire s&#8217;est assoupli et m\u00eame si les conditions de travail ne sont toujours pas les m\u00eames, les \u00e9l\u00e8ves ont \u00e9t\u00e9 ravis de tous se retrouver.<\/p>\n\n\n\n<figure class=\"wp-block-image size-large\"><img loading=\"lazy\" decoding=\"async\" width=\"1024\" height=\"768\" src=\"http:\/\/quelaines-stemarie.fr\/wp-content\/uploads\/IMG_01341-1024x768.jpg\" alt=\"\" class=\"wp-image-5126\" srcset=\"https:\/\/quelaines-stemarie.fr\/wp-content\/uploads\/IMG_01341-1024x768.jpg 1024w, https:\/\/quelaines-stemarie.fr\/wp-content\/uploads\/IMG_01341-300x225.jpg 300w, https:\/\/quelaines-stemarie.fr\/wp-content\/uploads\/IMG_01341-768x576.jpg 768w, https:\/\/quelaines-stemarie.fr\/wp-content\/uploads\/IMG_01341-1536x1152.jpg 1536w, https:\/\/quelaines-stemarie.fr\/wp-content\/uploads\/IMG_01341-2048x1536.jpg 2048w, https:\/\/quelaines-stemarie.fr\/wp-content\/uploads\/IMG_01341-150x113.jpg 150w\" sizes=\"auto, (max-width: 1024px) 100vw, 1024px\" \/><\/figure>\n\n\n\n<p>Cela nous permet de dire au revoir \u00e0 Juliette et \u00e0 Nils qui poursuivront leur scolarit\u00e9 dans une autre \u00e9cole \u00e0 la rentr\u00e9e. Bonnes vacances \u00e0 tous et au plaisir de se retrouver le mardi 1er septembre pour de nouvelles d\u00e9couvertes.<\/p>\n","protected":false},"excerpt":{"rendered":"<p>Heureusement depuis le 22 juin, tous les \u00e9l\u00e8ves de toutes les classes ont pu revenir \u00e0 l&#8217;\u00e9cole. Le protocole sanitaire s&#8217;est assoupli et m\u00eame si les conditions de travail ne sont toujours pas les m\u00eames, les \u00e9l\u00e8ves ont \u00e9t\u00e9 ravis de tous se retrouver. Cela nous permet de dire au\u2026<\/p>\n<p class=\"continue-reading-button\"> <a class=\"continue-reading-link\" href=\"https:\/\/quelaines-stemarie.fr\/index.php\/2020\/07\/01\/fin-dannee-scolaire\/\">Lire la suite&#8230;<i class=\"crycon-right-dir\"><\/i><\/a><\/p>\n","protected":false},"author":1,"featured_media":5126,"comment_status":"closed","ping_status":"closed","sticky":false,"template":"","format":"standard","meta":{"footnotes":""},"categories":[10,93],"tags":[],"class_list":["post-5142","post","type-post","status-publish","format-standard","has-post-thumbnail","hentry","category-cat-actualites","category-ms-gs-de-jocelyne"],"_links":{"self":[{"href":"https:\/\/quelaines-stemarie.fr\/index.php\/wp-json\/wp\/v2\/posts\/5142","targetHints":{"allow":["GET"]}}],"collection":[{"href":"https:\/\/quelaines-stemarie.fr\/index.php\/wp-json\/wp\/v2\/posts"}],"about":[{"href":"https:\/\/quelaines-stemarie.fr\/index.php\/wp-json\/wp\/v2\/types\/post"}],"author":[{"embeddable":true,"href":"https:\/\/quelaines-stemarie.fr\/index.php\/wp-json\/wp\/v2\/users\/1"}],"replies":[{"embeddable":true,"href":"https:\/\/quelaines-stemarie.fr\/index.php\/wp-json\/wp\/v2\/comments?post=5142"}],"version-history":[{"count":1,"href":"https:\/\/quelaines-stemarie.fr\/index.php\/wp-json\/wp\/v2\/posts\/5142\/revisions"}],"predecessor-version":[{"id":5143,"href":"https:\/\/quelaines-stemarie.fr\/index.php\/wp-json\/wp\/v2\/posts\/5142\/revisions\/5143"}],"wp:featuredmedia":[{"embeddable":true,"href":"https:\/\/quelaines-stemarie.fr\/index.php\/wp-json\/wp\/v2\/media\/5126"}],"wp:attachment":[{"href":"https:\/\/quelaines-stemarie.fr\/index.php\/wp-json\/wp\/v2\/media?parent=5142"}],"wp:term":[{"taxonomy":"category","embeddable":true,"href":"https:\/\/quelaines-stemarie.fr\/index.php\/wp-json\/wp\/v2\/categories?post=5142"},{"taxonomy":"post_tag","embeddable":true,"href":"https:\/\/quelaines-stemarie.fr\/index.php\/wp-json\/wp\/v2\/tags?post=5142"}],"curies":[{"name":"wp","href":"https:\/\/api.w.org\/{rel}","templated":true}]}}