{"id":5224,"date":"2020-09-02T16:31:17","date_gmt":"2020-09-02T15:31:17","guid":{"rendered":"http:\/\/quelaines-stemarie.fr\/?p=5224"},"modified":"2020-09-02T16:31:18","modified_gmt":"2020-09-02T15:31:18","slug":"rentree-en-cm1-cm2","status":"publish","type":"post","link":"https:\/\/quelaines-stemarie.fr\/index.php\/2020\/09\/02\/rentree-en-cm1-cm2\/","title":{"rendered":"Rentr\u00e9e en CM1-CM2"},"content":{"rendered":"\n<p>26 \u00e9l\u00e8ves ont fait leur rentr\u00e9e dans la classe des grands : 13 CM1 un peu inquiets de d\u00e9couvrir une nouvelle classe et une nouvelle ma\u00eetresse, et 13 CM2 qui ont rapidement retrouv\u00e9 leurs habitudes.<\/p>\n\n\n\n<p>Le fil conducteur de cette ann\u00e9e sera pour l&#8217;\u00e9cole &#8220;Contes, mythes et l\u00e9gendes&#8221; et les CM s&#8217;int\u00e9resseront plus particuli\u00e8rement \u00e0 la mythologie grecque avec les aventures de Percy Jackson.<\/p>\n\n\n\n<figure class=\"wp-block-image size-large\"><img loading=\"lazy\" decoding=\"async\" width=\"1024\" height=\"768\" src=\"http:\/\/quelaines-stemarie.fr\/wp-content\/uploads\/IMG_0401-1024x768.jpeg\" alt=\"\" class=\"wp-image-5225\" srcset=\"https:\/\/quelaines-stemarie.fr\/wp-content\/uploads\/IMG_0401-1024x768.jpeg 1024w, https:\/\/quelaines-stemarie.fr\/wp-content\/uploads\/IMG_0401-300x225.jpeg 300w, https:\/\/quelaines-stemarie.fr\/wp-content\/uploads\/IMG_0401-768x576.jpeg 768w, https:\/\/quelaines-stemarie.fr\/wp-content\/uploads\/IMG_0401-1536x1152.jpeg 1536w, https:\/\/quelaines-stemarie.fr\/wp-content\/uploads\/IMG_0401-150x113.jpeg 150w, https:\/\/quelaines-stemarie.fr\/wp-content\/uploads\/IMG_0401.jpeg 2048w\" sizes=\"auto, (max-width: 1024px) 100vw, 1024px\" \/><\/figure>\n\n\n\n<figure class=\"wp-block-gallery columns-2 is-cropped wp-block-gallery-1 is-layout-flex wp-block-gallery-is-layout-flex\"><ul class=\"blocks-gallery-grid\"><li class=\"blocks-gallery-item\"><figure><img loading=\"lazy\" decoding=\"async\" width=\"768\" height=\"1024\" src=\"http:\/\/quelaines-stemarie.fr\/wp-content\/uploads\/IMG_0412-768x1024.jpeg\" alt=\"\" data-id=\"5226\" data-full-url=\"http:\/\/quelaines-stemarie.fr\/wp-content\/uploads\/IMG_0412.jpeg\" data-link=\"http:\/\/quelaines-stemarie.fr\/?attachment_id=5226\" class=\"wp-image-5226\" srcset=\"https:\/\/quelaines-stemarie.fr\/wp-content\/uploads\/IMG_0412-768x1024.jpeg 768w, https:\/\/quelaines-stemarie.fr\/wp-content\/uploads\/IMG_0412-225x300.jpeg 225w, https:\/\/quelaines-stemarie.fr\/wp-content\/uploads\/IMG_0412-1152x1536.jpeg 1152w, https:\/\/quelaines-stemarie.fr\/wp-content\/uploads\/IMG_0412-113x150.jpeg 113w, https:\/\/quelaines-stemarie.fr\/wp-content\/uploads\/IMG_0412.jpeg 1536w\" sizes=\"auto, (max-width: 768px) 100vw, 768px\" \/><\/figure><\/li><li class=\"blocks-gallery-item\"><figure><img loading=\"lazy\" decoding=\"async\" width=\"768\" height=\"1024\" src=\"http:\/\/quelaines-stemarie.fr\/wp-content\/uploads\/IMG_0414-768x1024.jpeg\" alt=\"\" data-id=\"5227\" data-full-url=\"http:\/\/quelaines-stemarie.fr\/wp-content\/uploads\/IMG_0414.jpeg\" data-link=\"http:\/\/quelaines-stemarie.fr\/?attachment_id=5227\" class=\"wp-image-5227\" srcset=\"https:\/\/quelaines-stemarie.fr\/wp-content\/uploads\/IMG_0414-768x1024.jpeg 768w, https:\/\/quelaines-stemarie.fr\/wp-content\/uploads\/IMG_0414-225x300.jpeg 225w, https:\/\/quelaines-stemarie.fr\/wp-content\/uploads\/IMG_0414-1152x1536.jpeg 1152w, https:\/\/quelaines-stemarie.fr\/wp-content\/uploads\/IMG_0414-113x150.jpeg 113w, https:\/\/quelaines-stemarie.fr\/wp-content\/uploads\/IMG_0414.jpeg 1536w\" sizes=\"auto, (max-width: 768px) 100vw, 768px\" \/><\/figure><\/li><\/ul><\/figure>\n\n\n\n<p><\/p>\n","protected":false},"excerpt":{"rendered":"<p>26 \u00e9l\u00e8ves ont fait leur rentr\u00e9e dans la classe des grands : 13 CM1 un peu inquiets de d\u00e9couvrir une nouvelle classe et une nouvelle ma\u00eetresse, et 13 CM2 qui ont rapidement retrouv\u00e9 leurs habitudes. Le fil conducteur de cette ann\u00e9e sera pour l&#8217;\u00e9cole &#8220;Contes, mythes et l\u00e9gendes&#8221; et les\u2026<\/p>\n<p class=\"continue-reading-button\"> <a class=\"continue-reading-link\" href=\"https:\/\/quelaines-stemarie.fr\/index.php\/2020\/09\/02\/rentree-en-cm1-cm2\/\">Lire la suite&#8230;<i class=\"crycon-right-dir\"><\/i><\/a><\/p>\n","protected":false},"author":5,"featured_media":0,"comment_status":"closed","ping_status":"closed","sticky":false,"template":"","format":"standard","meta":{"footnotes":""},"categories":[10,59],"tags":[],"class_list":["post-5224","post","type-post","status-publish","format-standard","hentry","category-cat-actualites","category-cat-cm1cm2-2016"],"_links":{"self":[{"href":"https:\/\/quelaines-stemarie.fr\/index.php\/wp-json\/wp\/v2\/posts\/5224","targetHints":{"allow":["GET"]}}],"collection":[{"href":"https:\/\/quelaines-stemarie.fr\/index.php\/wp-json\/wp\/v2\/posts"}],"about":[{"href":"https:\/\/quelaines-stemarie.fr\/index.php\/wp-json\/wp\/v2\/types\/post"}],"author":[{"embeddable":true,"href":"https:\/\/quelaines-stemarie.fr\/index.php\/wp-json\/wp\/v2\/users\/5"}],"replies":[{"embeddable":true,"href":"https:\/\/quelaines-stemarie.fr\/index.php\/wp-json\/wp\/v2\/comments?post=5224"}],"version-history":[{"count":1,"href":"https:\/\/quelaines-stemarie.fr\/index.php\/wp-json\/wp\/v2\/posts\/5224\/revisions"}],"predecessor-version":[{"id":5228,"href":"https:\/\/quelaines-stemarie.fr\/index.php\/wp-json\/wp\/v2\/posts\/5224\/revisions\/5228"}],"wp:attachment":[{"href":"https:\/\/quelaines-stemarie.fr\/index.php\/wp-json\/wp\/v2\/media?parent=5224"}],"wp:term":[{"taxonomy":"category","embeddable":true,"href":"https:\/\/quelaines-stemarie.fr\/index.php\/wp-json\/wp\/v2\/categories?post=5224"},{"taxonomy":"post_tag","embeddable":true,"href":"https:\/\/quelaines-stemarie.fr\/index.php\/wp-json\/wp\/v2\/tags?post=5224"}],"curies":[{"name":"wp","href":"https:\/\/api.w.org\/{rel}","templated":true}]}}