{"id":5315,"date":"2020-09-28T12:06:13","date_gmt":"2020-09-28T11:06:13","guid":{"rendered":"http:\/\/quelaines-stemarie.fr\/?p=5315"},"modified":"2020-09-28T12:06:13","modified_gmt":"2020-09-28T11:06:13","slug":"marche-dautomne-4","status":"publish","type":"post","link":"https:\/\/quelaines-stemarie.fr\/index.php\/2020\/09\/28\/marche-dautomne-4\/","title":{"rendered":"MARCHE D&#8217;AUTOMNE"},"content":{"rendered":"\n<p><strong>Samedi 10 octobre<\/strong> aura lieu notre traditionnel march\u00e9 d&#8217;automne, dans la cour de l&#8217;\u00e9cole, de 10h00 \u00e0 12h30. Vous pourrez acheter toutes sortes de fruits et l\u00e9gumes, g\u00e2teau \u00e0 emporter&#8230;<\/p>\n\n\n\n<p><strong>Petite nouveaut\u00e9 cette ann\u00e9e<\/strong> : Grande vente de saucissons. N&#8217;h\u00e9sitez pas \u00e0 passer commande autour de vous et \u00e0 nous retourner le bon de commande avant le jeudi 8 octobre ainsi que le r\u00e8glement.<\/p>\n\n\n\n<p>&#8220;<strong>D\u00e9core ton masque<\/strong>&#8220;, est le th\u00e8me pour le concours de dessin. Chaque \u00e9l\u00e8ve r\u00e9alisera son dessin en classe et un \u00e9l\u00e8ve par cycle sera r\u00e9compens\u00e9.<\/p>\n\n\n\n<p>Le port du masque est obligatoire pour toutes personnes de plus de 11 ans. Par cons\u00e9quent, il n&#8217;y aura pas de buvette ou de restauration.<\/p>\n\n\n\n<p>Les b\u00e9n\u00e9fices serviront pour l&#8217;achat de mat\u00e9riel p\u00e9dagogique, sortie, intervenant &#8230;<\/p>\n\n\n\n<p><strong>ALORS VENEZ NOMBREUX !!!<\/strong><\/p>\n\n\n\n<figure class=\"wp-block-image size-large\"><img loading=\"lazy\" decoding=\"async\" width=\"745\" height=\"1024\" src=\"https:\/\/quelaines-stemarie.fr\/wp-content\/uploads\/Scan0001-2-745x1024.jpg\" alt=\"\" class=\"wp-image-5321\" srcset=\"https:\/\/quelaines-stemarie.fr\/wp-content\/uploads\/Scan0001-2-745x1024.jpg 745w, https:\/\/quelaines-stemarie.fr\/wp-content\/uploads\/Scan0001-2-218x300.jpg 218w, https:\/\/quelaines-stemarie.fr\/wp-content\/uploads\/Scan0001-2-768x1056.jpg 768w, https:\/\/quelaines-stemarie.fr\/wp-content\/uploads\/Scan0001-2-1117x1536.jpg 1117w, https:\/\/quelaines-stemarie.fr\/wp-content\/uploads\/Scan0001-2-1489x2048.jpg 1489w, https:\/\/quelaines-stemarie.fr\/wp-content\/uploads\/Scan0001-2-109x150.jpg 109w, https:\/\/quelaines-stemarie.fr\/wp-content\/uploads\/Scan0001-2-rotated.jpg 1700w\" sizes=\"auto, (max-width: 745px) 100vw, 745px\" \/><\/figure>\n\n\n\n<figure class=\"wp-block-image size-large\"><img loading=\"lazy\" decoding=\"async\" width=\"745\" height=\"1024\" src=\"https:\/\/quelaines-stemarie.fr\/wp-content\/uploads\/Scan0002-1-745x1024.jpg\" alt=\"\" class=\"wp-image-5322\" srcset=\"https:\/\/quelaines-stemarie.fr\/wp-content\/uploads\/Scan0002-1-745x1024.jpg 745w, https:\/\/quelaines-stemarie.fr\/wp-content\/uploads\/Scan0002-1-218x300.jpg 218w, https:\/\/quelaines-stemarie.fr\/wp-content\/uploads\/Scan0002-1-768x1056.jpg 768w, https:\/\/quelaines-stemarie.fr\/wp-content\/uploads\/Scan0002-1-1117x1536.jpg 1117w, https:\/\/quelaines-stemarie.fr\/wp-content\/uploads\/Scan0002-1-1489x2048.jpg 1489w, https:\/\/quelaines-stemarie.fr\/wp-content\/uploads\/Scan0002-1-109x150.jpg 109w, https:\/\/quelaines-stemarie.fr\/wp-content\/uploads\/Scan0002-1-rotated.jpg 1700w\" sizes=\"auto, (max-width: 745px) 100vw, 745px\" \/><\/figure>\n","protected":false},"excerpt":{"rendered":"<p>Samedi 10 octobre aura lieu notre traditionnel march\u00e9 d&#8217;automne, dans la cour de l&#8217;\u00e9cole, de 10h00 \u00e0 12h30. Vous pourrez acheter toutes sortes de fruits et l\u00e9gumes, g\u00e2teau \u00e0 emporter&#8230; Petite nouveaut\u00e9 cette ann\u00e9e : Grande vente de saucissons. N&#8217;h\u00e9sitez pas \u00e0 passer commande autour de vous et \u00e0 nous\u2026<\/p>\n<p class=\"continue-reading-button\"> <a class=\"continue-reading-link\" href=\"https:\/\/quelaines-stemarie.fr\/index.php\/2020\/09\/28\/marche-dautomne-4\/\">Lire la suite&#8230;<i class=\"crycon-right-dir\"><\/i><\/a><\/p>\n","protected":false},"author":8,"featured_media":0,"comment_status":"closed","ping_status":"closed","sticky":false,"template":"","format":"standard","meta":{"footnotes":""},"categories":[26,1],"tags":[],"class_list":["post-5315","post","type-post","status-publish","format-standard","hentry","category-actualites-apel","category-non-classe"],"_links":{"self":[{"href":"https:\/\/quelaines-stemarie.fr\/index.php\/wp-json\/wp\/v2\/posts\/5315","targetHints":{"allow":["GET"]}}],"collection":[{"href":"https:\/\/quelaines-stemarie.fr\/index.php\/wp-json\/wp\/v2\/posts"}],"about":[{"href":"https:\/\/quelaines-stemarie.fr\/index.php\/wp-json\/wp\/v2\/types\/post"}],"author":[{"embeddable":true,"href":"https:\/\/quelaines-stemarie.fr\/index.php\/wp-json\/wp\/v2\/users\/8"}],"replies":[{"embeddable":true,"href":"https:\/\/quelaines-stemarie.fr\/index.php\/wp-json\/wp\/v2\/comments?post=5315"}],"version-history":[{"count":6,"href":"https:\/\/quelaines-stemarie.fr\/index.php\/wp-json\/wp\/v2\/posts\/5315\/revisions"}],"predecessor-version":[{"id":5326,"href":"https:\/\/quelaines-stemarie.fr\/index.php\/wp-json\/wp\/v2\/posts\/5315\/revisions\/5326"}],"wp:attachment":[{"href":"https:\/\/quelaines-stemarie.fr\/index.php\/wp-json\/wp\/v2\/media?parent=5315"}],"wp:term":[{"taxonomy":"category","embeddable":true,"href":"https:\/\/quelaines-stemarie.fr\/index.php\/wp-json\/wp\/v2\/categories?post=5315"},{"taxonomy":"post_tag","embeddable":true,"href":"https:\/\/quelaines-stemarie.fr\/index.php\/wp-json\/wp\/v2\/tags?post=5315"}],"curies":[{"name":"wp","href":"https:\/\/api.w.org\/{rel}","templated":true}]}}