{"id":6474,"date":"2021-07-02T13:48:29","date_gmt":"2021-07-02T12:48:29","guid":{"rendered":"http:\/\/quelaines-stemarie.fr\/?p=6474"},"modified":"2021-07-02T13:49:03","modified_gmt":"2021-07-02T12:49:03","slug":"chants-a-la-residence-autonomie","status":"publish","type":"post","link":"https:\/\/quelaines-stemarie.fr\/index.php\/2021\/07\/02\/chants-a-la-residence-autonomie\/","title":{"rendered":"Chants \u00e0 la R\u00e9sidence autonomie"},"content":{"rendered":"\n<p>Jeudi 24 juin, les CM1-CM2 ont pu vivre l&#8217;aboutissement d&#8217;un projet initi\u00e9 en d\u00e9but d&#8217;ann\u00e9e scolaire : partager avec les r\u00e9sidents de la R\u00e9sidence autonomie Le Mottais des chants appris en commun. La situation sanitaire ne nous avait pas permis de le faire plus t\u00f4t dans l&#8217;ann\u00e9e.<\/p>\n\n\n\n<p>Quelle joie pour tous de pouvoir se retrouver&#8230; enfin !!!<\/p>\n\n\n\n<figure class=\"wp-block-gallery columns-1 is-cropped wp-block-gallery-1 is-layout-flex wp-block-gallery-is-layout-flex\"><ul class=\"blocks-gallery-grid\"><li class=\"blocks-gallery-item\"><figure><img loading=\"lazy\" decoding=\"async\" width=\"1024\" height=\"768\" src=\"http:\/\/quelaines-stemarie.fr\/wp-content\/uploads\/IMG_2503-1024x768.jpeg\" alt=\"\" data-id=\"6475\" data-full-url=\"http:\/\/quelaines-stemarie.fr\/wp-content\/uploads\/IMG_2503.jpeg\" data-link=\"http:\/\/quelaines-stemarie.fr\/?attachment_id=6475\" class=\"wp-image-6475\" srcset=\"https:\/\/quelaines-stemarie.fr\/wp-content\/uploads\/IMG_2503-1024x768.jpeg 1024w, https:\/\/quelaines-stemarie.fr\/wp-content\/uploads\/IMG_2503-300x225.jpeg 300w, https:\/\/quelaines-stemarie.fr\/wp-content\/uploads\/IMG_2503-768x576.jpeg 768w, https:\/\/quelaines-stemarie.fr\/wp-content\/uploads\/IMG_2503-1536x1152.jpeg 1536w, https:\/\/quelaines-stemarie.fr\/wp-content\/uploads\/IMG_2503-150x113.jpeg 150w, https:\/\/quelaines-stemarie.fr\/wp-content\/uploads\/IMG_2503.jpeg 2048w\" sizes=\"auto, (max-width: 1024px) 100vw, 1024px\" \/><\/figure><\/li><li class=\"blocks-gallery-item\"><figure><img loading=\"lazy\" decoding=\"async\" width=\"1024\" height=\"768\" src=\"http:\/\/quelaines-stemarie.fr\/wp-content\/uploads\/IMG_2505-1024x768.jpeg\" alt=\"\" data-id=\"6476\" data-full-url=\"http:\/\/quelaines-stemarie.fr\/wp-content\/uploads\/IMG_2505.jpeg\" data-link=\"http:\/\/quelaines-stemarie.fr\/?attachment_id=6476\" class=\"wp-image-6476\" srcset=\"https:\/\/quelaines-stemarie.fr\/wp-content\/uploads\/IMG_2505-1024x768.jpeg 1024w, https:\/\/quelaines-stemarie.fr\/wp-content\/uploads\/IMG_2505-300x225.jpeg 300w, https:\/\/quelaines-stemarie.fr\/wp-content\/uploads\/IMG_2505-768x576.jpeg 768w, https:\/\/quelaines-stemarie.fr\/wp-content\/uploads\/IMG_2505-1536x1152.jpeg 1536w, https:\/\/quelaines-stemarie.fr\/wp-content\/uploads\/IMG_2505-150x113.jpeg 150w, https:\/\/quelaines-stemarie.fr\/wp-content\/uploads\/IMG_2505.jpeg 2048w\" sizes=\"auto, (max-width: 1024px) 100vw, 1024px\" \/><\/figure><\/li><li class=\"blocks-gallery-item\"><figure><img loading=\"lazy\" decoding=\"async\" width=\"1024\" height=\"768\" src=\"http:\/\/quelaines-stemarie.fr\/wp-content\/uploads\/IMG_2507-1024x768.jpeg\" alt=\"\" data-id=\"6477\" data-full-url=\"http:\/\/quelaines-stemarie.fr\/wp-content\/uploads\/IMG_2507.jpeg\" data-link=\"http:\/\/quelaines-stemarie.fr\/?attachment_id=6477\" class=\"wp-image-6477\" srcset=\"https:\/\/quelaines-stemarie.fr\/wp-content\/uploads\/IMG_2507-1024x768.jpeg 1024w, https:\/\/quelaines-stemarie.fr\/wp-content\/uploads\/IMG_2507-300x225.jpeg 300w, https:\/\/quelaines-stemarie.fr\/wp-content\/uploads\/IMG_2507-768x576.jpeg 768w, https:\/\/quelaines-stemarie.fr\/wp-content\/uploads\/IMG_2507-1536x1152.jpeg 1536w, https:\/\/quelaines-stemarie.fr\/wp-content\/uploads\/IMG_2507-150x113.jpeg 150w, https:\/\/quelaines-stemarie.fr\/wp-content\/uploads\/IMG_2507.jpeg 2048w\" sizes=\"auto, (max-width: 1024px) 100vw, 1024px\" \/><\/figure><\/li><li class=\"blocks-gallery-item\"><figure><img loading=\"lazy\" decoding=\"async\" width=\"1024\" height=\"576\" src=\"http:\/\/quelaines-stemarie.fr\/wp-content\/uploads\/IMG_2509-1024x576.jpg\" alt=\"\" data-id=\"6478\" data-full-url=\"http:\/\/quelaines-stemarie.fr\/wp-content\/uploads\/IMG_2509-scaled.jpg\" data-link=\"http:\/\/quelaines-stemarie.fr\/?attachment_id=6478\" class=\"wp-image-6478\" srcset=\"https:\/\/quelaines-stemarie.fr\/wp-content\/uploads\/IMG_2509-1024x576.jpg 1024w, https:\/\/quelaines-stemarie.fr\/wp-content\/uploads\/IMG_2509-300x169.jpg 300w, https:\/\/quelaines-stemarie.fr\/wp-content\/uploads\/IMG_2509-768x432.jpg 768w, https:\/\/quelaines-stemarie.fr\/wp-content\/uploads\/IMG_2509-1536x864.jpg 1536w, https:\/\/quelaines-stemarie.fr\/wp-content\/uploads\/IMG_2509-2048x1152.jpg 2048w, https:\/\/quelaines-stemarie.fr\/wp-content\/uploads\/IMG_2509-150x84.jpg 150w\" sizes=\"auto, (max-width: 1024px) 100vw, 1024px\" \/><\/figure><\/li><li class=\"blocks-gallery-item\"><figure><img loading=\"lazy\" decoding=\"async\" width=\"1024\" height=\"768\" src=\"http:\/\/quelaines-stemarie.fr\/wp-content\/uploads\/IMG_2513-1024x768.jpeg\" alt=\"\" data-id=\"6479\" data-full-url=\"http:\/\/quelaines-stemarie.fr\/wp-content\/uploads\/IMG_2513.jpeg\" data-link=\"http:\/\/quelaines-stemarie.fr\/?attachment_id=6479\" class=\"wp-image-6479\" srcset=\"https:\/\/quelaines-stemarie.fr\/wp-content\/uploads\/IMG_2513-1024x768.jpeg 1024w, https:\/\/quelaines-stemarie.fr\/wp-content\/uploads\/IMG_2513-300x225.jpeg 300w, https:\/\/quelaines-stemarie.fr\/wp-content\/uploads\/IMG_2513-768x576.jpeg 768w, https:\/\/quelaines-stemarie.fr\/wp-content\/uploads\/IMG_2513-1536x1152.jpeg 1536w, https:\/\/quelaines-stemarie.fr\/wp-content\/uploads\/IMG_2513-150x113.jpeg 150w, https:\/\/quelaines-stemarie.fr\/wp-content\/uploads\/IMG_2513.jpeg 2048w\" sizes=\"auto, (max-width: 1024px) 100vw, 1024px\" \/><\/figure><\/li><\/ul><\/figure>\n","protected":false},"excerpt":{"rendered":"<p>Jeudi 24 juin, les CM1-CM2 ont pu vivre l&#8217;aboutissement d&#8217;un projet initi\u00e9 en d\u00e9but d&#8217;ann\u00e9e scolaire : partager avec les r\u00e9sidents de la R\u00e9sidence autonomie Le Mottais des chants appris en commun. La situation sanitaire ne nous avait pas permis de le faire plus t\u00f4t dans l&#8217;ann\u00e9e. Quelle joie pour\u2026<\/p>\n<p class=\"continue-reading-button\"> <a class=\"continue-reading-link\" href=\"https:\/\/quelaines-stemarie.fr\/index.php\/2021\/07\/02\/chants-a-la-residence-autonomie\/\">Lire la suite&#8230;<i class=\"crycon-right-dir\"><\/i><\/a><\/p>\n","protected":false},"author":5,"featured_media":6478,"comment_status":"closed","ping_status":"closed","sticky":false,"template":"","format":"standard","meta":{"footnotes":""},"categories":[10,59],"tags":[],"class_list":["post-6474","post","type-post","status-publish","format-standard","has-post-thumbnail","hentry","category-cat-actualites","category-cat-cm1cm2-2016"],"_links":{"self":[{"href":"https:\/\/quelaines-stemarie.fr\/index.php\/wp-json\/wp\/v2\/posts\/6474","targetHints":{"allow":["GET"]}}],"collection":[{"href":"https:\/\/quelaines-stemarie.fr\/index.php\/wp-json\/wp\/v2\/posts"}],"about":[{"href":"https:\/\/quelaines-stemarie.fr\/index.php\/wp-json\/wp\/v2\/types\/post"}],"author":[{"embeddable":true,"href":"https:\/\/quelaines-stemarie.fr\/index.php\/wp-json\/wp\/v2\/users\/5"}],"replies":[{"embeddable":true,"href":"https:\/\/quelaines-stemarie.fr\/index.php\/wp-json\/wp\/v2\/comments?post=6474"}],"version-history":[{"count":2,"href":"https:\/\/quelaines-stemarie.fr\/index.php\/wp-json\/wp\/v2\/posts\/6474\/revisions"}],"predecessor-version":[{"id":6481,"href":"https:\/\/quelaines-stemarie.fr\/index.php\/wp-json\/wp\/v2\/posts\/6474\/revisions\/6481"}],"wp:featuredmedia":[{"embeddable":true,"href":"https:\/\/quelaines-stemarie.fr\/index.php\/wp-json\/wp\/v2\/media\/6478"}],"wp:attachment":[{"href":"https:\/\/quelaines-stemarie.fr\/index.php\/wp-json\/wp\/v2\/media?parent=6474"}],"wp:term":[{"taxonomy":"category","embeddable":true,"href":"https:\/\/quelaines-stemarie.fr\/index.php\/wp-json\/wp\/v2\/categories?post=6474"},{"taxonomy":"post_tag","embeddable":true,"href":"https:\/\/quelaines-stemarie.fr\/index.php\/wp-json\/wp\/v2\/tags?post=6474"}],"curies":[{"name":"wp","href":"https:\/\/api.w.org\/{rel}","templated":true}]}}