{"id":681,"date":"2016-10-10T18:02:29","date_gmt":"2016-10-10T17:02:29","guid":{"rendered":"http:\/\/quelaines-stemarie.fr\/?p=681"},"modified":"2016-10-10T18:02:29","modified_gmt":"2016-10-10T17:02:29","slug":"le-marche-dautomne","status":"publish","type":"post","link":"https:\/\/quelaines-stemarie.fr\/index.php\/2016\/10\/10\/le-marche-dautomne\/","title":{"rendered":"Le march\u00e9 d&#8217;automne"},"content":{"rendered":"<p>Samedi 8 octobre, nous avons organis\u00e9 notre traditionnel march\u00e9 d&#8217;automne. Les semaines pr\u00e9c\u00e9dentes, nous avons appris \u00e0 rendre la monnaie. La veille du march\u00e9, nous avons r\u00e9colt\u00e9 les l\u00e9gumes de notre jardin. Quel bonheur de trouver des carottes magnifiques !<\/p>\n<p><img loading=\"lazy\" decoding=\"async\" class=\"alignnone size-medium wp-image-678\" src=\"http:\/\/quelaines-stemarie.fr\/wp-content\/uploads\/IMG_20161007_114011-225x300.jpg\" alt=\"\" width=\"225\" height=\"300\" srcset=\"https:\/\/quelaines-stemarie.fr\/wp-content\/uploads\/IMG_20161007_114011-225x300.jpg 225w, https:\/\/quelaines-stemarie.fr\/wp-content\/uploads\/IMG_20161007_114011-768x1024.jpg 768w, https:\/\/quelaines-stemarie.fr\/wp-content\/uploads\/IMG_20161007_114011-113x150.jpg 113w\" sizes=\"auto, (max-width: 225px) 100vw, 225px\" \/><\/p>\n<p>Samedi matin, nous avons install\u00e9 nos stands puis nous avons vendu des l\u00e9gumes, des fruits, des confitures, du pop-corn, des vases fabriqu\u00e9s par les MS-GS.<\/p>\n<p><img loading=\"lazy\" decoding=\"async\" class=\"alignnone size-medium wp-image-680\" src=\"http:\/\/quelaines-stemarie.fr\/wp-content\/uploads\/IMG_20161008_113236-225x300.jpg\" alt=\"\" width=\"225\" height=\"300\" srcset=\"https:\/\/quelaines-stemarie.fr\/wp-content\/uploads\/IMG_20161008_113236-225x300.jpg 225w, https:\/\/quelaines-stemarie.fr\/wp-content\/uploads\/IMG_20161008_113236-768x1024.jpg 768w, https:\/\/quelaines-stemarie.fr\/wp-content\/uploads\/IMG_20161008_113236-113x150.jpg 113w\" sizes=\"auto, (max-width: 225px) 100vw, 225px\" \/>\u00a0 \u00a0 \u00a0 \u00a0 \u00a0 \u00a0 \u00a0 \u00a0 \u00a0 \u00a0 \u00a0 \u00a0 \u00a0 \u00a0 \u00a0 \u00a0 \u00a0 \u00a0<img loading=\"lazy\" decoding=\"async\" class=\"alignnone size-medium wp-image-679\" src=\"http:\/\/quelaines-stemarie.fr\/wp-content\/uploads\/IMG_20161008_113040-225x300.jpg\" alt=\"\" width=\"225\" height=\"300\" srcset=\"https:\/\/quelaines-stemarie.fr\/wp-content\/uploads\/IMG_20161008_113040-225x300.jpg 225w, https:\/\/quelaines-stemarie.fr\/wp-content\/uploads\/IMG_20161008_113040-768x1024.jpg 768w, https:\/\/quelaines-stemarie.fr\/wp-content\/uploads\/IMG_20161008_113040-113x150.jpg 113w\" sizes=\"auto, (max-width: 225px) 100vw, 225px\" \/><\/p>\n<p>Thomas (un ancien \u00e9l\u00e8ve) et Louison tenaient un stand. Une partie des b\u00e9n\u00e9fices du march\u00e9 leur sera revers\u00e9e pour les aider \u00e0 avancer dans\u00a0leur projet : participer au 4L Trophy. Ils viendront bient\u00f4t en classe nous pr\u00e9senter ce projet que nous suivrons de pr\u00e8s !<\/p>\n<p><img loading=\"lazy\" decoding=\"async\" class=\"alignnone size-medium wp-image-677\" src=\"http:\/\/quelaines-stemarie.fr\/wp-content\/uploads\/IMG_20161008_113303-225x300.jpg\" alt=\"\" width=\"225\" height=\"300\" srcset=\"https:\/\/quelaines-stemarie.fr\/wp-content\/uploads\/IMG_20161008_113303-225x300.jpg 225w, https:\/\/quelaines-stemarie.fr\/wp-content\/uploads\/IMG_20161008_113303-768x1024.jpg 768w, https:\/\/quelaines-stemarie.fr\/wp-content\/uploads\/IMG_20161008_113303-113x150.jpg 113w\" sizes=\"auto, (max-width: 225px) 100vw, 225px\" \/><\/p>\n<p>Bravo et merci aux vendeurs, aux donateurs, aux acheteurs !<\/p>\n","protected":false},"excerpt":{"rendered":"<p>Samedi 8 octobre, nous avons organis\u00e9 notre traditionnel march\u00e9 d&#8217;automne. Les semaines pr\u00e9c\u00e9dentes, nous avons appris \u00e0 rendre la monnaie. La veille du march\u00e9, nous avons r\u00e9colt\u00e9 les l\u00e9gumes de notre jardin. Quel bonheur de trouver des carottes magnifiques ! Samedi matin, nous avons install\u00e9 nos stands puis nous avons\u2026<\/p>\n<p class=\"continue-reading-button\"> <a class=\"continue-reading-link\" href=\"https:\/\/quelaines-stemarie.fr\/index.php\/2016\/10\/10\/le-marche-dautomne\/\">Lire la suite&#8230;<i class=\"crycon-right-dir\"><\/i><\/a><\/p>\n","protected":false},"author":5,"featured_media":0,"comment_status":"closed","ping_status":"closed","sticky":false,"template":"","format":"standard","meta":{"footnotes":""},"categories":[10,59],"tags":[],"class_list":["post-681","post","type-post","status-publish","format-standard","hentry","category-cat-actualites","category-cat-cm1cm2-2016"],"_links":{"self":[{"href":"https:\/\/quelaines-stemarie.fr\/index.php\/wp-json\/wp\/v2\/posts\/681","targetHints":{"allow":["GET"]}}],"collection":[{"href":"https:\/\/quelaines-stemarie.fr\/index.php\/wp-json\/wp\/v2\/posts"}],"about":[{"href":"https:\/\/quelaines-stemarie.fr\/index.php\/wp-json\/wp\/v2\/types\/post"}],"author":[{"embeddable":true,"href":"https:\/\/quelaines-stemarie.fr\/index.php\/wp-json\/wp\/v2\/users\/5"}],"replies":[{"embeddable":true,"href":"https:\/\/quelaines-stemarie.fr\/index.php\/wp-json\/wp\/v2\/comments?post=681"}],"version-history":[{"count":1,"href":"https:\/\/quelaines-stemarie.fr\/index.php\/wp-json\/wp\/v2\/posts\/681\/revisions"}],"predecessor-version":[{"id":682,"href":"https:\/\/quelaines-stemarie.fr\/index.php\/wp-json\/wp\/v2\/posts\/681\/revisions\/682"}],"wp:attachment":[{"href":"https:\/\/quelaines-stemarie.fr\/index.php\/wp-json\/wp\/v2\/media?parent=681"}],"wp:term":[{"taxonomy":"category","embeddable":true,"href":"https:\/\/quelaines-stemarie.fr\/index.php\/wp-json\/wp\/v2\/categories?post=681"},{"taxonomy":"post_tag","embeddable":true,"href":"https:\/\/quelaines-stemarie.fr\/index.php\/wp-json\/wp\/v2\/tags?post=681"}],"curies":[{"name":"wp","href":"https:\/\/api.w.org\/{rel}","templated":true}]}}