{"id":8028,"date":"2022-03-23T13:18:31","date_gmt":"2022-03-23T12:18:31","guid":{"rendered":"http:\/\/quelaines-stemarie.fr\/?p=8028"},"modified":"2022-03-23T13:18:32","modified_gmt":"2022-03-23T12:18:32","slug":"acceptons-les-differences","status":"publish","type":"post","link":"https:\/\/quelaines-stemarie.fr\/index.php\/2022\/03\/23\/acceptons-les-differences\/","title":{"rendered":"Acceptons les diff\u00e9rences"},"content":{"rendered":"\n<p>Lundi 21 mars avait lieu la journ\u00e9e mondiale de la trisomie. Comme chaque ann\u00e9e, tout le monde est invit\u00e9 \u00e0 porter des chaussettes d\u00e9pareill\u00e9es, signe de respect pour les personnes diff\u00e9rentes.<\/p>\n\n\n\n<p>Un grand bravo aux CM qui ont accept\u00e9 de relever le d\u00e9fi !!!<\/p>\n\n\n\n<figure class=\"wp-block-image size-large\"><img loading=\"lazy\" decoding=\"async\" width=\"1024\" height=\"768\" src=\"http:\/\/quelaines-stemarie.fr\/wp-content\/uploads\/IMG_6112-1024x768.jpeg\" alt=\"\" class=\"wp-image-8029\" srcset=\"https:\/\/quelaines-stemarie.fr\/wp-content\/uploads\/IMG_6112-1024x768.jpeg 1024w, https:\/\/quelaines-stemarie.fr\/wp-content\/uploads\/IMG_6112-300x225.jpeg 300w, https:\/\/quelaines-stemarie.fr\/wp-content\/uploads\/IMG_6112-768x576.jpeg 768w, https:\/\/quelaines-stemarie.fr\/wp-content\/uploads\/IMG_6112-1536x1152.jpeg 1536w, https:\/\/quelaines-stemarie.fr\/wp-content\/uploads\/IMG_6112-150x113.jpeg 150w, https:\/\/quelaines-stemarie.fr\/wp-content\/uploads\/IMG_6112.jpeg 2048w\" sizes=\"auto, (max-width: 1024px) 100vw, 1024px\" \/><\/figure>\n","protected":false},"excerpt":{"rendered":"<p>Lundi 21 mars avait lieu la journ\u00e9e mondiale de la trisomie. Comme chaque ann\u00e9e, tout le monde est invit\u00e9 \u00e0 porter des chaussettes d\u00e9pareill\u00e9es, signe de respect pour les personnes diff\u00e9rentes. Un grand bravo aux CM qui ont accept\u00e9 de relever le d\u00e9fi !!!<\/p>\n<p class=\"continue-reading-button\"> <a class=\"continue-reading-link\" href=\"https:\/\/quelaines-stemarie.fr\/index.php\/2022\/03\/23\/acceptons-les-differences\/\">Lire la suite&#8230;<i class=\"crycon-right-dir\"><\/i><\/a><\/p>\n","protected":false},"author":5,"featured_media":8029,"comment_status":"closed","ping_status":"closed","sticky":false,"template":"","format":"standard","meta":{"footnotes":""},"categories":[10,59],"tags":[],"class_list":["post-8028","post","type-post","status-publish","format-standard","has-post-thumbnail","hentry","category-cat-actualites","category-cat-cm1cm2-2016"],"_links":{"self":[{"href":"https:\/\/quelaines-stemarie.fr\/index.php\/wp-json\/wp\/v2\/posts\/8028","targetHints":{"allow":["GET"]}}],"collection":[{"href":"https:\/\/quelaines-stemarie.fr\/index.php\/wp-json\/wp\/v2\/posts"}],"about":[{"href":"https:\/\/quelaines-stemarie.fr\/index.php\/wp-json\/wp\/v2\/types\/post"}],"author":[{"embeddable":true,"href":"https:\/\/quelaines-stemarie.fr\/index.php\/wp-json\/wp\/v2\/users\/5"}],"replies":[{"embeddable":true,"href":"https:\/\/quelaines-stemarie.fr\/index.php\/wp-json\/wp\/v2\/comments?post=8028"}],"version-history":[{"count":1,"href":"https:\/\/quelaines-stemarie.fr\/index.php\/wp-json\/wp\/v2\/posts\/8028\/revisions"}],"predecessor-version":[{"id":8030,"href":"https:\/\/quelaines-stemarie.fr\/index.php\/wp-json\/wp\/v2\/posts\/8028\/revisions\/8030"}],"wp:featuredmedia":[{"embeddable":true,"href":"https:\/\/quelaines-stemarie.fr\/index.php\/wp-json\/wp\/v2\/media\/8029"}],"wp:attachment":[{"href":"https:\/\/quelaines-stemarie.fr\/index.php\/wp-json\/wp\/v2\/media?parent=8028"}],"wp:term":[{"taxonomy":"category","embeddable":true,"href":"https:\/\/quelaines-stemarie.fr\/index.php\/wp-json\/wp\/v2\/categories?post=8028"},{"taxonomy":"post_tag","embeddable":true,"href":"https:\/\/quelaines-stemarie.fr\/index.php\/wp-json\/wp\/v2\/tags?post=8028"}],"curies":[{"name":"wp","href":"https:\/\/api.w.org\/{rel}","templated":true}]}}