{"id":8108,"date":"2022-04-30T16:11:14","date_gmt":"2022-04-30T15:11:14","guid":{"rendered":"http:\/\/quelaines-stemarie.fr\/?p=8108"},"modified":"2022-05-04T07:16:51","modified_gmt":"2022-05-04T06:16:51","slug":"celebration-de-paques-en-maternelle-vendredi-08-avril","status":"publish","type":"post","link":"https:\/\/quelaines-stemarie.fr\/index.php\/2022\/04\/30\/celebration-de-paques-en-maternelle-vendredi-08-avril\/","title":{"rendered":"C\u00e9l\u00e9bration de P\u00e2ques en maternelle"},"content":{"rendered":"\n<p>Vendredi 08 avril, les deux classes maternelles se sont rassembl\u00e9es pour c\u00e9l\u00e9brer P\u00e2ques.<\/p>\n\n\n\n<figure class=\"wp-block-gallery has-nested-images columns-default is-cropped wp-block-gallery-1 is-layout-flex wp-block-gallery-is-layout-flex\">\n<figure class=\"wp-block-image size-large\"><img loading=\"lazy\" decoding=\"async\" width=\"1024\" height=\"768\" data-id=\"8109\" src=\"http:\/\/quelaines-stemarie.fr\/wp-content\/uploads\/IMG-20220409-WA0000-1024x768.jpg\" alt=\"\" class=\"wp-image-8109\" srcset=\"https:\/\/quelaines-stemarie.fr\/wp-content\/uploads\/IMG-20220409-WA0000-1024x768.jpg 1024w, https:\/\/quelaines-stemarie.fr\/wp-content\/uploads\/IMG-20220409-WA0000-300x225.jpg 300w, https:\/\/quelaines-stemarie.fr\/wp-content\/uploads\/IMG-20220409-WA0000-768x576.jpg 768w, https:\/\/quelaines-stemarie.fr\/wp-content\/uploads\/IMG-20220409-WA0000-1536x1152.jpg 1536w, https:\/\/quelaines-stemarie.fr\/wp-content\/uploads\/IMG-20220409-WA0000-150x113.jpg 150w, https:\/\/quelaines-stemarie.fr\/wp-content\/uploads\/IMG-20220409-WA0000.jpg 1600w\" sizes=\"auto, (max-width: 1024px) 100vw, 1024px\" \/><\/figure>\n\n\n\n<figure class=\"wp-block-image size-large\"><img loading=\"lazy\" decoding=\"async\" width=\"1024\" height=\"768\" data-id=\"8110\" src=\"http:\/\/quelaines-stemarie.fr\/wp-content\/uploads\/IMG-20220409-WA0001-1024x768.jpg\" alt=\"\" class=\"wp-image-8110\" srcset=\"https:\/\/quelaines-stemarie.fr\/wp-content\/uploads\/IMG-20220409-WA0001-1024x768.jpg 1024w, https:\/\/quelaines-stemarie.fr\/wp-content\/uploads\/IMG-20220409-WA0001-300x225.jpg 300w, https:\/\/quelaines-stemarie.fr\/wp-content\/uploads\/IMG-20220409-WA0001-768x576.jpg 768w, https:\/\/quelaines-stemarie.fr\/wp-content\/uploads\/IMG-20220409-WA0001-1536x1152.jpg 1536w, https:\/\/quelaines-stemarie.fr\/wp-content\/uploads\/IMG-20220409-WA0001-150x113.jpg 150w, https:\/\/quelaines-stemarie.fr\/wp-content\/uploads\/IMG-20220409-WA0001.jpg 1600w\" sizes=\"auto, (max-width: 1024px) 100vw, 1024px\" \/><\/figure>\n\n\n\n<figure class=\"wp-block-image size-large\"><img loading=\"lazy\" decoding=\"async\" width=\"1024\" height=\"768\" data-id=\"8111\" src=\"http:\/\/quelaines-stemarie.fr\/wp-content\/uploads\/IMG-20220409-WA0002-1024x768.jpg\" alt=\"\" class=\"wp-image-8111\" srcset=\"https:\/\/quelaines-stemarie.fr\/wp-content\/uploads\/IMG-20220409-WA0002-1024x768.jpg 1024w, https:\/\/quelaines-stemarie.fr\/wp-content\/uploads\/IMG-20220409-WA0002-300x225.jpg 300w, https:\/\/quelaines-stemarie.fr\/wp-content\/uploads\/IMG-20220409-WA0002-768x576.jpg 768w, https:\/\/quelaines-stemarie.fr\/wp-content\/uploads\/IMG-20220409-WA0002-1536x1152.jpg 1536w, https:\/\/quelaines-stemarie.fr\/wp-content\/uploads\/IMG-20220409-WA0002-150x113.jpg 150w, https:\/\/quelaines-stemarie.fr\/wp-content\/uploads\/IMG-20220409-WA0002.jpg 1600w\" sizes=\"auto, (max-width: 1024px) 100vw, 1024px\" \/><\/figure>\n\n\n\n<figure class=\"wp-block-image size-large\"><img loading=\"lazy\" decoding=\"async\" width=\"1024\" height=\"768\" data-id=\"8113\" src=\"http:\/\/quelaines-stemarie.fr\/wp-content\/uploads\/IMG-20220409-WA0003-1024x768.jpg\" alt=\"\" class=\"wp-image-8113\" srcset=\"https:\/\/quelaines-stemarie.fr\/wp-content\/uploads\/IMG-20220409-WA0003-1024x768.jpg 1024w, https:\/\/quelaines-stemarie.fr\/wp-content\/uploads\/IMG-20220409-WA0003-300x225.jpg 300w, https:\/\/quelaines-stemarie.fr\/wp-content\/uploads\/IMG-20220409-WA0003-768x576.jpg 768w, https:\/\/quelaines-stemarie.fr\/wp-content\/uploads\/IMG-20220409-WA0003-1536x1152.jpg 1536w, https:\/\/quelaines-stemarie.fr\/wp-content\/uploads\/IMG-20220409-WA0003-150x113.jpg 150w, https:\/\/quelaines-stemarie.fr\/wp-content\/uploads\/IMG-20220409-WA0003.jpg 1600w\" sizes=\"auto, (max-width: 1024px) 100vw, 1024px\" \/><\/figure>\n\n\n\n<figure class=\"wp-block-image size-large\"><img loading=\"lazy\" decoding=\"async\" width=\"1024\" height=\"768\" data-id=\"8114\" src=\"http:\/\/quelaines-stemarie.fr\/wp-content\/uploads\/IMG-20220409-WA0004-1024x768.jpg\" alt=\"\" class=\"wp-image-8114\" srcset=\"https:\/\/quelaines-stemarie.fr\/wp-content\/uploads\/IMG-20220409-WA0004-1024x768.jpg 1024w, https:\/\/quelaines-stemarie.fr\/wp-content\/uploads\/IMG-20220409-WA0004-300x225.jpg 300w, https:\/\/quelaines-stemarie.fr\/wp-content\/uploads\/IMG-20220409-WA0004-768x576.jpg 768w, https:\/\/quelaines-stemarie.fr\/wp-content\/uploads\/IMG-20220409-WA0004-1536x1152.jpg 1536w, https:\/\/quelaines-stemarie.fr\/wp-content\/uploads\/IMG-20220409-WA0004-150x113.jpg 150w, https:\/\/quelaines-stemarie.fr\/wp-content\/uploads\/IMG-20220409-WA0004.jpg 1600w\" sizes=\"auto, (max-width: 1024px) 100vw, 1024px\" \/><\/figure>\n\n\n\n<figure class=\"wp-block-image size-large\"><img loading=\"lazy\" decoding=\"async\" width=\"1024\" height=\"768\" data-id=\"8112\" src=\"http:\/\/quelaines-stemarie.fr\/wp-content\/uploads\/IMG-20220409-WA0005-1024x768.jpg\" alt=\"\" class=\"wp-image-8112\" srcset=\"https:\/\/quelaines-stemarie.fr\/wp-content\/uploads\/IMG-20220409-WA0005-1024x768.jpg 1024w, https:\/\/quelaines-stemarie.fr\/wp-content\/uploads\/IMG-20220409-WA0005-300x225.jpg 300w, https:\/\/quelaines-stemarie.fr\/wp-content\/uploads\/IMG-20220409-WA0005-768x576.jpg 768w, https:\/\/quelaines-stemarie.fr\/wp-content\/uploads\/IMG-20220409-WA0005-1536x1152.jpg 1536w, https:\/\/quelaines-stemarie.fr\/wp-content\/uploads\/IMG-20220409-WA0005-150x113.jpg 150w, https:\/\/quelaines-stemarie.fr\/wp-content\/uploads\/IMG-20220409-WA0005.jpg 1600w\" sizes=\"auto, (max-width: 1024px) 100vw, 1024px\" \/><\/figure>\n<\/figure>\n","protected":false},"excerpt":{"rendered":"<p>Vendredi 08 avril, les deux classes maternelles se sont rassembl\u00e9es pour c\u00e9l\u00e9brer P\u00e2ques.<\/p>\n<p class=\"continue-reading-button\"> <a class=\"continue-reading-link\" href=\"https:\/\/quelaines-stemarie.fr\/index.php\/2022\/04\/30\/celebration-de-paques-en-maternelle-vendredi-08-avril\/\">Lire la suite&#8230;<i class=\"crycon-right-dir\"><\/i><\/a><\/p>\n","protected":false},"author":1,"featured_media":0,"comment_status":"closed","ping_status":"closed","sticky":false,"template":"","format":"standard","meta":{"footnotes":""},"categories":[10,93,92],"tags":[],"class_list":["post-8108","post","type-post","status-publish","format-standard","hentry","category-cat-actualites","category-ms-gs-de-jocelyne","category-ps-ms-de-sylvie"],"_links":{"self":[{"href":"https:\/\/quelaines-stemarie.fr\/index.php\/wp-json\/wp\/v2\/posts\/8108","targetHints":{"allow":["GET"]}}],"collection":[{"href":"https:\/\/quelaines-stemarie.fr\/index.php\/wp-json\/wp\/v2\/posts"}],"about":[{"href":"https:\/\/quelaines-stemarie.fr\/index.php\/wp-json\/wp\/v2\/types\/post"}],"author":[{"embeddable":true,"href":"https:\/\/quelaines-stemarie.fr\/index.php\/wp-json\/wp\/v2\/users\/1"}],"replies":[{"embeddable":true,"href":"https:\/\/quelaines-stemarie.fr\/index.php\/wp-json\/wp\/v2\/comments?post=8108"}],"version-history":[{"count":2,"href":"https:\/\/quelaines-stemarie.fr\/index.php\/wp-json\/wp\/v2\/posts\/8108\/revisions"}],"predecessor-version":[{"id":8156,"href":"https:\/\/quelaines-stemarie.fr\/index.php\/wp-json\/wp\/v2\/posts\/8108\/revisions\/8156"}],"wp:attachment":[{"href":"https:\/\/quelaines-stemarie.fr\/index.php\/wp-json\/wp\/v2\/media?parent=8108"}],"wp:term":[{"taxonomy":"category","embeddable":true,"href":"https:\/\/quelaines-stemarie.fr\/index.php\/wp-json\/wp\/v2\/categories?post=8108"},{"taxonomy":"post_tag","embeddable":true,"href":"https:\/\/quelaines-stemarie.fr\/index.php\/wp-json\/wp\/v2\/tags?post=8108"}],"curies":[{"name":"wp","href":"https:\/\/api.w.org\/{rel}","templated":true}]}}