{"id":857,"date":"2016-12-30T14:33:20","date_gmt":"2016-12-30T13:33:20","guid":{"rendered":"http:\/\/quelaines-stemarie.fr\/?p=857"},"modified":"2016-12-30T14:33:20","modified_gmt":"2016-12-30T13:33:20","slug":"larbre-de-noel","status":"publish","type":"post","link":"https:\/\/quelaines-stemarie.fr\/index.php\/2016\/12\/30\/larbre-de-noel\/","title":{"rendered":"L&#8217;arbre de No\u00ebl"},"content":{"rendered":"<p>Cette ann\u00e9e, en lien avec le th\u00e8me &#8220;Il \u00e9tait une fois Quelaines St Gault&#8221;, la classe de CM1-CM2 a choisi de repr\u00e9senter une manifestation qui avait lieu \u00e0 Quelaines jusque dans les ann\u00e9es 2000\u00a0: la f\u00eate des fleurs.<\/p>\n<p>Tous les 2 ans, chaque quartier de Quelaines construisait un char d\u00e9cor\u00e9 de fleurs en cr\u00e9pon sur un th\u00e8me d\u00e9fini. Les chars avan\u00e7aient gr\u00e2ce \u00e0 de vieilles voitures et d\u00e9filaient dans les rues. Beaucoup de parents de l\u2019\u00e9cole ont particip\u00e9 \u00e0 la f\u00eate des fleurs !<\/p>\n<p>Pour leur prestation, les CM se sont pris au jeu et ont confectionn\u00e9 le blason de Quelaines en fleurs de cr\u00e9pon. Merci \u00e0 toutes les petites mains qui ont apport\u00e9 leur aide pour la fabrication des fleurs ! Nous avons pris conscience du travail que pouvait repr\u00e9senter la d\u00e9coration d&#8217;un char entier.<\/p>\n<p><img loading=\"lazy\" decoding=\"async\" class=\"alignnone size-medium wp-image-858\" src=\"http:\/\/quelaines-stemarie.fr\/wp-content\/uploads\/DSCF0731-300x225.jpg\" alt=\"\" width=\"300\" height=\"225\" srcset=\"https:\/\/quelaines-stemarie.fr\/wp-content\/uploads\/DSCF0731-300x225.jpg 300w, https:\/\/quelaines-stemarie.fr\/wp-content\/uploads\/DSCF0731-768x576.jpg 768w, https:\/\/quelaines-stemarie.fr\/wp-content\/uploads\/DSCF0731-1024x768.jpg 1024w, https:\/\/quelaines-stemarie.fr\/wp-content\/uploads\/DSCF0731-200x150.jpg 200w, https:\/\/quelaines-stemarie.fr\/wp-content\/uploads\/DSCF0731-150x113.jpg 150w\" sizes=\"auto, (max-width: 300px) 100vw, 300px\" \/>\u00a0 \u00a0 \u00a0 \u00a0 \u00a0 \u00a0 \u00a0 \u00a0 \u00a0<img loading=\"lazy\" decoding=\"async\" class=\"alignnone size-medium wp-image-848\" src=\"http:\/\/quelaines-stemarie.fr\/wp-content\/uploads\/DSCF0737-300x225.jpg\" alt=\"\" width=\"300\" height=\"225\" srcset=\"https:\/\/quelaines-stemarie.fr\/wp-content\/uploads\/DSCF0737-300x225.jpg 300w, https:\/\/quelaines-stemarie.fr\/wp-content\/uploads\/DSCF0737-768x576.jpg 768w, https:\/\/quelaines-stemarie.fr\/wp-content\/uploads\/DSCF0737-1024x768.jpg 1024w, https:\/\/quelaines-stemarie.fr\/wp-content\/uploads\/DSCF0737-200x150.jpg 200w, https:\/\/quelaines-stemarie.fr\/wp-content\/uploads\/DSCF0737-150x113.jpg 150w\" sizes=\"auto, (max-width: 300px) 100vw, 300px\" \/>\u00a0 \u00a0 \u00a0 \u00a0 \u00a0 \u00a0 \u00a0 \u00a0 \u00a0 \u00a0 \u00a0 \u00a0 \u00a0 \u00a0 \u00a0 \u00a0 \u00a0 \u00a0 \u00a0 \u00a0 \u00a0 \u00a0 \u00a0 \u00a0 \u00a0 \u00a0 \u00a0 \u00a0 \u00a0 \u00a0 \u00a0 \u00a0\u00a0<img loading=\"lazy\" decoding=\"async\" class=\"alignnone size-medium wp-image-846\" src=\"http:\/\/quelaines-stemarie.fr\/wp-content\/uploads\/DSCF0724-300x225.jpg\" alt=\"\" width=\"300\" height=\"225\" srcset=\"https:\/\/quelaines-stemarie.fr\/wp-content\/uploads\/DSCF0724-300x225.jpg 300w, https:\/\/quelaines-stemarie.fr\/wp-content\/uploads\/DSCF0724-768x576.jpg 768w, https:\/\/quelaines-stemarie.fr\/wp-content\/uploads\/DSCF0724-1024x768.jpg 1024w, https:\/\/quelaines-stemarie.fr\/wp-content\/uploads\/DSCF0724-200x150.jpg 200w, https:\/\/quelaines-stemarie.fr\/wp-content\/uploads\/DSCF0724-150x113.jpg 150w\" sizes=\"auto, (max-width: 300px) 100vw, 300px\" \/>\u00a0 \u00a0 \u00a0 \u00a0 \u00a0 \u00a0 \u00a0 \u00a0 \u00a0<img loading=\"lazy\" decoding=\"async\" class=\"alignnone size-medium wp-image-847\" src=\"http:\/\/quelaines-stemarie.fr\/wp-content\/uploads\/DSCF0727-300x225.jpg\" alt=\"\" width=\"300\" height=\"225\" srcset=\"https:\/\/quelaines-stemarie.fr\/wp-content\/uploads\/DSCF0727-300x225.jpg 300w, https:\/\/quelaines-stemarie.fr\/wp-content\/uploads\/DSCF0727-768x576.jpg 768w, https:\/\/quelaines-stemarie.fr\/wp-content\/uploads\/DSCF0727-1024x768.jpg 1024w, https:\/\/quelaines-stemarie.fr\/wp-content\/uploads\/DSCF0727-200x150.jpg 200w, https:\/\/quelaines-stemarie.fr\/wp-content\/uploads\/DSCF0727-150x113.jpg 150w\" sizes=\"auto, (max-width: 300px) 100vw, 300px\" \/><\/p>\n<p><img loading=\"lazy\" decoding=\"async\" class=\"alignnone size-medium wp-image-849\" src=\"http:\/\/quelaines-stemarie.fr\/wp-content\/uploads\/DSCF0769-300x225.jpg\" alt=\"\" width=\"300\" height=\"225\" srcset=\"https:\/\/quelaines-stemarie.fr\/wp-content\/uploads\/DSCF0769-300x225.jpg 300w, https:\/\/quelaines-stemarie.fr\/wp-content\/uploads\/DSCF0769-768x576.jpg 768w, https:\/\/quelaines-stemarie.fr\/wp-content\/uploads\/DSCF0769-1024x768.jpg 1024w, https:\/\/quelaines-stemarie.fr\/wp-content\/uploads\/DSCF0769-200x150.jpg 200w, https:\/\/quelaines-stemarie.fr\/wp-content\/uploads\/DSCF0769-150x113.jpg 150w\" sizes=\"auto, (max-width: 300px) 100vw, 300px\" \/>\u00a0 \u00a0 \u00a0 \u00a0 \u00a0 \u00a0 \u00a0 \u00a0 \u00a0<img loading=\"lazy\" decoding=\"async\" class=\"alignnone size-medium wp-image-845\" src=\"http:\/\/quelaines-stemarie.fr\/wp-content\/uploads\/DSCF0781-300x225.jpg\" alt=\"\" width=\"300\" height=\"225\" srcset=\"https:\/\/quelaines-stemarie.fr\/wp-content\/uploads\/DSCF0781-300x225.jpg 300w, https:\/\/quelaines-stemarie.fr\/wp-content\/uploads\/DSCF0781-768x576.jpg 768w, https:\/\/quelaines-stemarie.fr\/wp-content\/uploads\/DSCF0781-1024x768.jpg 1024w, https:\/\/quelaines-stemarie.fr\/wp-content\/uploads\/DSCF0781-200x150.jpg 200w, https:\/\/quelaines-stemarie.fr\/wp-content\/uploads\/DSCF0781-150x113.jpg 150w\" sizes=\"auto, (max-width: 300px) 100vw, 300px\" \/><\/p>\n","protected":false},"excerpt":{"rendered":"<p>Cette ann\u00e9e, en lien avec le th\u00e8me &#8220;Il \u00e9tait une fois Quelaines St Gault&#8221;, la classe de CM1-CM2 a choisi de repr\u00e9senter une manifestation qui avait lieu \u00e0 Quelaines jusque dans les ann\u00e9es 2000\u00a0: la f\u00eate des fleurs. Tous les 2 ans, chaque quartier de Quelaines construisait un char d\u00e9cor\u00e9\u2026<\/p>\n<p class=\"continue-reading-button\"> <a class=\"continue-reading-link\" href=\"https:\/\/quelaines-stemarie.fr\/index.php\/2016\/12\/30\/larbre-de-noel\/\">Lire la suite&#8230;<i class=\"crycon-right-dir\"><\/i><\/a><\/p>\n","protected":false},"author":5,"featured_media":0,"comment_status":"closed","ping_status":"closed","sticky":false,"template":"","format":"standard","meta":{"footnotes":""},"categories":[10,59],"tags":[],"class_list":["post-857","post","type-post","status-publish","format-standard","hentry","category-cat-actualites","category-cat-cm1cm2-2016"],"_links":{"self":[{"href":"https:\/\/quelaines-stemarie.fr\/index.php\/wp-json\/wp\/v2\/posts\/857","targetHints":{"allow":["GET"]}}],"collection":[{"href":"https:\/\/quelaines-stemarie.fr\/index.php\/wp-json\/wp\/v2\/posts"}],"about":[{"href":"https:\/\/quelaines-stemarie.fr\/index.php\/wp-json\/wp\/v2\/types\/post"}],"author":[{"embeddable":true,"href":"https:\/\/quelaines-stemarie.fr\/index.php\/wp-json\/wp\/v2\/users\/5"}],"replies":[{"embeddable":true,"href":"https:\/\/quelaines-stemarie.fr\/index.php\/wp-json\/wp\/v2\/comments?post=857"}],"version-history":[{"count":1,"href":"https:\/\/quelaines-stemarie.fr\/index.php\/wp-json\/wp\/v2\/posts\/857\/revisions"}],"predecessor-version":[{"id":859,"href":"https:\/\/quelaines-stemarie.fr\/index.php\/wp-json\/wp\/v2\/posts\/857\/revisions\/859"}],"wp:attachment":[{"href":"https:\/\/quelaines-stemarie.fr\/index.php\/wp-json\/wp\/v2\/media?parent=857"}],"wp:term":[{"taxonomy":"category","embeddable":true,"href":"https:\/\/quelaines-stemarie.fr\/index.php\/wp-json\/wp\/v2\/categories?post=857"},{"taxonomy":"post_tag","embeddable":true,"href":"https:\/\/quelaines-stemarie.fr\/index.php\/wp-json\/wp\/v2\/tags?post=857"}],"curies":[{"name":"wp","href":"https:\/\/api.w.org\/{rel}","templated":true}]}}