{"id":887,"date":"2017-01-19T21:06:34","date_gmt":"2017-01-19T20:06:34","guid":{"rendered":"http:\/\/quelaines-stemarie.fr\/?p=887"},"modified":"2017-01-19T21:07:54","modified_gmt":"2017-01-19T20:07:54","slug":"agnes-de-lestrade","status":"publish","type":"post","link":"https:\/\/quelaines-stemarie.fr\/index.php\/2017\/01\/19\/agnes-de-lestrade\/","title":{"rendered":"Agn\u00e8s de Lestrade"},"content":{"rendered":"<p>Ce matin, l&#8217;auteur de livres pour enfants Agn\u00e8s de Lestrade est venue nous rencontrer dans notre classe. Elle nous a expliqu\u00e9 avec humour comment elle \u00e9tait devenue \u00e9crivain, nous a lu un de ses livres &#8220;La lune a-t-elle peur du noir ?&#8221; et nous a m\u00eame chant\u00e9 des chansons accompagn\u00e9e de sa guitare.<img loading=\"lazy\" decoding=\"async\" class=\"size-medium wp-image-885 alignright\" src=\"http:\/\/quelaines-stemarie.fr\/wp-content\/uploads\/DSC01808-300x169.jpg\" alt=\"\" width=\"300\" height=\"169\" srcset=\"https:\/\/quelaines-stemarie.fr\/wp-content\/uploads\/DSC01808-300x169.jpg 300w, https:\/\/quelaines-stemarie.fr\/wp-content\/uploads\/DSC01808-768x432.jpg 768w, https:\/\/quelaines-stemarie.fr\/wp-content\/uploads\/DSC01808-1024x576.jpg 1024w, https:\/\/quelaines-stemarie.fr\/wp-content\/uploads\/DSC01808-250x141.jpg 250w, https:\/\/quelaines-stemarie.fr\/wp-content\/uploads\/DSC01808-150x84.jpg 150w, https:\/\/quelaines-stemarie.fr\/wp-content\/uploads\/DSC01808.jpg 1920w\" sizes=\"auto, (max-width: 300px) 100vw, 300px\" \/><\/p>\n<p><img loading=\"lazy\" decoding=\"async\" class=\"size-medium wp-image-884 alignleft\" src=\"http:\/\/quelaines-stemarie.fr\/wp-content\/uploads\/DSC01807-300x169.jpg\" alt=\"\" width=\"300\" height=\"169\" srcset=\"https:\/\/quelaines-stemarie.fr\/wp-content\/uploads\/DSC01807-300x169.jpg 300w, https:\/\/quelaines-stemarie.fr\/wp-content\/uploads\/DSC01807-768x432.jpg 768w, https:\/\/quelaines-stemarie.fr\/wp-content\/uploads\/DSC01807-1024x576.jpg 1024w, https:\/\/quelaines-stemarie.fr\/wp-content\/uploads\/DSC01807-250x141.jpg 250w, https:\/\/quelaines-stemarie.fr\/wp-content\/uploads\/DSC01807-150x84.jpg 150w, https:\/\/quelaines-stemarie.fr\/wp-content\/uploads\/DSC01807.jpg 1920w\" sizes=\"auto, (max-width: 300px) 100vw, 300px\" \/><\/p>\n","protected":false},"excerpt":{"rendered":"<p>Ce matin, l&#8217;auteur de livres pour enfants Agn\u00e8s de Lestrade est venue nous rencontrer dans notre classe. Elle nous a expliqu\u00e9 avec humour comment elle \u00e9tait devenue \u00e9crivain, nous a lu un de ses livres &#8220;La lune a-t-elle peur du noir ?&#8221; et nous a m\u00eame chant\u00e9 des chansons accompagn\u00e9e\u2026<\/p>\n<p class=\"continue-reading-button\"> <a class=\"continue-reading-link\" href=\"https:\/\/quelaines-stemarie.fr\/index.php\/2017\/01\/19\/agnes-de-lestrade\/\">Lire la suite&#8230;<i class=\"crycon-right-dir\"><\/i><\/a><\/p>\n","protected":false},"author":5,"featured_media":0,"comment_status":"closed","ping_status":"closed","sticky":false,"template":"","format":"standard","meta":{"footnotes":""},"categories":[61,1],"tags":[],"class_list":["post-887","post","type-post","status-publish","format-standard","hentry","category-cat-cpce1-2016","category-non-classe"],"_links":{"self":[{"href":"https:\/\/quelaines-stemarie.fr\/index.php\/wp-json\/wp\/v2\/posts\/887","targetHints":{"allow":["GET"]}}],"collection":[{"href":"https:\/\/quelaines-stemarie.fr\/index.php\/wp-json\/wp\/v2\/posts"}],"about":[{"href":"https:\/\/quelaines-stemarie.fr\/index.php\/wp-json\/wp\/v2\/types\/post"}],"author":[{"embeddable":true,"href":"https:\/\/quelaines-stemarie.fr\/index.php\/wp-json\/wp\/v2\/users\/5"}],"replies":[{"embeddable":true,"href":"https:\/\/quelaines-stemarie.fr\/index.php\/wp-json\/wp\/v2\/comments?post=887"}],"version-history":[{"count":1,"href":"https:\/\/quelaines-stemarie.fr\/index.php\/wp-json\/wp\/v2\/posts\/887\/revisions"}],"predecessor-version":[{"id":888,"href":"https:\/\/quelaines-stemarie.fr\/index.php\/wp-json\/wp\/v2\/posts\/887\/revisions\/888"}],"wp:attachment":[{"href":"https:\/\/quelaines-stemarie.fr\/index.php\/wp-json\/wp\/v2\/media?parent=887"}],"wp:term":[{"taxonomy":"category","embeddable":true,"href":"https:\/\/quelaines-stemarie.fr\/index.php\/wp-json\/wp\/v2\/categories?post=887"},{"taxonomy":"post_tag","embeddable":true,"href":"https:\/\/quelaines-stemarie.fr\/index.php\/wp-json\/wp\/v2\/tags?post=887"}],"curies":[{"name":"wp","href":"https:\/\/api.w.org\/{rel}","templated":true}]}}