{"id":9082,"date":"2022-11-09T16:51:53","date_gmt":"2022-11-09T15:51:53","guid":{"rendered":"http:\/\/quelaines-stemarie.fr\/?p=9082"},"modified":"2022-11-09T16:51:54","modified_gmt":"2022-11-09T15:51:54","slug":"assemblee-generale-ogec-apel-3","status":"publish","type":"post","link":"https:\/\/quelaines-stemarie.fr\/index.php\/2022\/11\/09\/assemblee-generale-ogec-apel-3\/","title":{"rendered":"Assembl\u00e9e G\u00e9n\u00e9rale OGEC-APEL"},"content":{"rendered":"\n<p>Une assembl\u00e9e nombreuse  \u00e9tait  pr\u00e9sente le vendredi 14 octobre pour d\u00e9couvrir les projets en cours et \u00e0 venir. Des parents ont \u00e9t\u00e9 chaleureusement remerci\u00e9s pour les ann\u00e9es d\u2019investissement au sein des associations de parents d\u2019\u00e9l\u00e8ves APEL ou OGEC.<\/p>\n\n\n\n<p>D\u2019ores et d\u00e9j\u00e0 plusieurs nouvelles familles se sont port\u00e9es volontaires pour reprendre le flambeau.<\/p>\n\n\n\n<p>Merci \u00e0 elles et aux membres actuels qui continuent l\u2019aventure pour le plus grand bonheur des \u00e9l\u00e8ves et de l\u2019\u00e9quipe \u00e9ducative.<\/p>\n\n\n\n<figure class=\"wp-block-image size-large\"><img loading=\"lazy\" decoding=\"async\" width=\"1024\" height=\"768\" src=\"http:\/\/quelaines-stemarie.fr\/wp-content\/uploads\/7B4BB434-02D5-4750-9651-B67012CC77CB-1024x768.jpeg\" alt=\"\" class=\"wp-image-9083\" srcset=\"https:\/\/quelaines-stemarie.fr\/wp-content\/uploads\/7B4BB434-02D5-4750-9651-B67012CC77CB-1024x768.jpeg 1024w, https:\/\/quelaines-stemarie.fr\/wp-content\/uploads\/7B4BB434-02D5-4750-9651-B67012CC77CB-300x225.jpeg 300w, https:\/\/quelaines-stemarie.fr\/wp-content\/uploads\/7B4BB434-02D5-4750-9651-B67012CC77CB-768x576.jpeg 768w, https:\/\/quelaines-stemarie.fr\/wp-content\/uploads\/7B4BB434-02D5-4750-9651-B67012CC77CB-1536x1152.jpeg 1536w, https:\/\/quelaines-stemarie.fr\/wp-content\/uploads\/7B4BB434-02D5-4750-9651-B67012CC77CB-2048x1536.jpeg 2048w, https:\/\/quelaines-stemarie.fr\/wp-content\/uploads\/7B4BB434-02D5-4750-9651-B67012CC77CB-150x113.jpeg 150w\" sizes=\"auto, (max-width: 1024px) 100vw, 1024px\" \/><\/figure>\n\n\n\n<p><\/p>\n\n\n","protected":false},"excerpt":{"rendered":"<p>Une assembl\u00e9e nombreuse \u00e9tait pr\u00e9sente le vendredi 14 octobre pour d\u00e9couvrir les projets en cours et \u00e0 venir. Des parents ont \u00e9t\u00e9 chaleureusement remerci\u00e9s pour les ann\u00e9es d\u2019investissement au sein des associations de parents d\u2019\u00e9l\u00e8ves APEL ou OGEC. D\u2019ores et d\u00e9j\u00e0 plusieurs nouvelles familles se sont port\u00e9es volontaires pour reprendre\u2026<\/p>\n<p class=\"continue-reading-button\"> <a class=\"continue-reading-link\" href=\"https:\/\/quelaines-stemarie.fr\/index.php\/2022\/11\/09\/assemblee-generale-ogec-apel-3\/\">Lire la suite&#8230;<i class=\"crycon-right-dir\"><\/i><\/a><\/p>\n","protected":false},"author":1,"featured_media":0,"comment_status":"closed","ping_status":"closed","sticky":false,"template":"","format":"standard","meta":{"footnotes":""},"categories":[10,1],"tags":[],"class_list":["post-9082","post","type-post","status-publish","format-standard","hentry","category-cat-actualites","category-non-classe"],"_links":{"self":[{"href":"https:\/\/quelaines-stemarie.fr\/index.php\/wp-json\/wp\/v2\/posts\/9082","targetHints":{"allow":["GET"]}}],"collection":[{"href":"https:\/\/quelaines-stemarie.fr\/index.php\/wp-json\/wp\/v2\/posts"}],"about":[{"href":"https:\/\/quelaines-stemarie.fr\/index.php\/wp-json\/wp\/v2\/types\/post"}],"author":[{"embeddable":true,"href":"https:\/\/quelaines-stemarie.fr\/index.php\/wp-json\/wp\/v2\/users\/1"}],"replies":[{"embeddable":true,"href":"https:\/\/quelaines-stemarie.fr\/index.php\/wp-json\/wp\/v2\/comments?post=9082"}],"version-history":[{"count":1,"href":"https:\/\/quelaines-stemarie.fr\/index.php\/wp-json\/wp\/v2\/posts\/9082\/revisions"}],"predecessor-version":[{"id":9084,"href":"https:\/\/quelaines-stemarie.fr\/index.php\/wp-json\/wp\/v2\/posts\/9082\/revisions\/9084"}],"wp:attachment":[{"href":"https:\/\/quelaines-stemarie.fr\/index.php\/wp-json\/wp\/v2\/media?parent=9082"}],"wp:term":[{"taxonomy":"category","embeddable":true,"href":"https:\/\/quelaines-stemarie.fr\/index.php\/wp-json\/wp\/v2\/categories?post=9082"},{"taxonomy":"post_tag","embeddable":true,"href":"https:\/\/quelaines-stemarie.fr\/index.php\/wp-json\/wp\/v2\/tags?post=9082"}],"curies":[{"name":"wp","href":"https:\/\/api.w.org\/{rel}","templated":true}]}}