{"id":9194,"date":"2022-12-23T13:41:41","date_gmt":"2022-12-23T12:41:41","guid":{"rendered":"http:\/\/quelaines-stemarie.fr\/?p=9194"},"modified":"2022-12-23T13:41:43","modified_gmt":"2022-12-23T12:41:43","slug":"periode-2-tps-ps-ms","status":"publish","type":"post","link":"https:\/\/quelaines-stemarie.fr\/index.php\/2022\/12\/23\/periode-2-tps-ps-ms\/","title":{"rendered":"P\u00e9riode 2 &#8211; TPS\/PS\/MS"},"content":{"rendered":"\n<p>Au cours de cette deuxi\u00e8me p\u00e9riode:<\/p>\n\n\n\n<ul class=\"wp-block-list\"><li><mark style=\"background-color:rgba(0, 0, 0, 0)\" class=\"has-inline-color has-vivid-red-color\">Derni\u00e8res s\u00e9ances de musique avec Anne DUGUE. Nous avons notamment appris la chanson pour l&#8217;arbre de No\u00ebl: &#8220;Dans ma bo\u00eete \u00e0 musique&#8221;, travail avec les instruments \u00e0 percussion.<\/mark><\/li><\/ul>\n\n\n\n<figure class=\"wp-block-gallery has-nested-images columns-default is-cropped wp-block-gallery-1 is-layout-flex wp-block-gallery-is-layout-flex\">\n<figure class=\"wp-block-image size-large\"><img loading=\"lazy\" decoding=\"async\" width=\"1024\" height=\"768\" data-id=\"9195\" src=\"http:\/\/quelaines-stemarie.fr\/wp-content\/uploads\/5-jeudi-17-novembre-1-1024x768.jpg\" alt=\"\" class=\"wp-image-9195\" srcset=\"https:\/\/quelaines-stemarie.fr\/wp-content\/uploads\/5-jeudi-17-novembre-1-1024x768.jpg 1024w, https:\/\/quelaines-stemarie.fr\/wp-content\/uploads\/5-jeudi-17-novembre-1-300x225.jpg 300w, https:\/\/quelaines-stemarie.fr\/wp-content\/uploads\/5-jeudi-17-novembre-1-768x576.jpg 768w, https:\/\/quelaines-stemarie.fr\/wp-content\/uploads\/5-jeudi-17-novembre-1-1536x1152.jpg 1536w, https:\/\/quelaines-stemarie.fr\/wp-content\/uploads\/5-jeudi-17-novembre-1-2048x1536.jpg 2048w, https:\/\/quelaines-stemarie.fr\/wp-content\/uploads\/5-jeudi-17-novembre-1-150x113.jpg 150w\" sizes=\"auto, (max-width: 1024px) 100vw, 1024px\" \/><\/figure>\n\n\n\n<figure class=\"wp-block-image size-large\"><img loading=\"lazy\" decoding=\"async\" width=\"1024\" height=\"768\" data-id=\"9200\" src=\"http:\/\/quelaines-stemarie.fr\/wp-content\/uploads\/5-jeudi-17-novembre-2-1024x768.jpg\" alt=\"\" class=\"wp-image-9200\" srcset=\"https:\/\/quelaines-stemarie.fr\/wp-content\/uploads\/5-jeudi-17-novembre-2-1024x768.jpg 1024w, https:\/\/quelaines-stemarie.fr\/wp-content\/uploads\/5-jeudi-17-novembre-2-300x225.jpg 300w, https:\/\/quelaines-stemarie.fr\/wp-content\/uploads\/5-jeudi-17-novembre-2-768x576.jpg 768w, https:\/\/quelaines-stemarie.fr\/wp-content\/uploads\/5-jeudi-17-novembre-2-1536x1152.jpg 1536w, https:\/\/quelaines-stemarie.fr\/wp-content\/uploads\/5-jeudi-17-novembre-2-2048x1536.jpg 2048w, https:\/\/quelaines-stemarie.fr\/wp-content\/uploads\/5-jeudi-17-novembre-2-150x113.jpg 150w\" sizes=\"auto, (max-width: 1024px) 100vw, 1024px\" \/><\/figure>\n\n\n\n<figure class=\"wp-block-image size-large\"><img loading=\"lazy\" decoding=\"async\" width=\"1024\" height=\"768\" data-id=\"9201\" src=\"http:\/\/quelaines-stemarie.fr\/wp-content\/uploads\/5-jeudi-17-novembre-3-1024x768.jpg\" alt=\"\" class=\"wp-image-9201\" srcset=\"https:\/\/quelaines-stemarie.fr\/wp-content\/uploads\/5-jeudi-17-novembre-3-1024x768.jpg 1024w, https:\/\/quelaines-stemarie.fr\/wp-content\/uploads\/5-jeudi-17-novembre-3-300x225.jpg 300w, https:\/\/quelaines-stemarie.fr\/wp-content\/uploads\/5-jeudi-17-novembre-3-768x576.jpg 768w, https:\/\/quelaines-stemarie.fr\/wp-content\/uploads\/5-jeudi-17-novembre-3-1536x1152.jpg 1536w, https:\/\/quelaines-stemarie.fr\/wp-content\/uploads\/5-jeudi-17-novembre-3-2048x1536.jpg 2048w, https:\/\/quelaines-stemarie.fr\/wp-content\/uploads\/5-jeudi-17-novembre-3-150x113.jpg 150w\" sizes=\"auto, (max-width: 1024px) 100vw, 1024px\" \/><\/figure>\n\n\n\n<figure class=\"wp-block-image size-large\"><img loading=\"lazy\" decoding=\"async\" width=\"1024\" height=\"768\" data-id=\"9202\" src=\"http:\/\/quelaines-stemarie.fr\/wp-content\/uploads\/5-jeudi-17-novembre-4-1-1024x768.jpg\" alt=\"\" class=\"wp-image-9202\" srcset=\"https:\/\/quelaines-stemarie.fr\/wp-content\/uploads\/5-jeudi-17-novembre-4-1-1024x768.jpg 1024w, https:\/\/quelaines-stemarie.fr\/wp-content\/uploads\/5-jeudi-17-novembre-4-1-300x225.jpg 300w, https:\/\/quelaines-stemarie.fr\/wp-content\/uploads\/5-jeudi-17-novembre-4-1-768x576.jpg 768w, https:\/\/quelaines-stemarie.fr\/wp-content\/uploads\/5-jeudi-17-novembre-4-1-1536x1152.jpg 1536w, https:\/\/quelaines-stemarie.fr\/wp-content\/uploads\/5-jeudi-17-novembre-4-1-2048x1536.jpg 2048w, https:\/\/quelaines-stemarie.fr\/wp-content\/uploads\/5-jeudi-17-novembre-4-1-150x113.jpg 150w\" sizes=\"auto, (max-width: 1024px) 100vw, 1024px\" \/><\/figure>\n\n\n\n<figure class=\"wp-block-image size-large\"><img loading=\"lazy\" decoding=\"async\" width=\"1024\" height=\"768\" data-id=\"9203\" src=\"http:\/\/quelaines-stemarie.fr\/wp-content\/uploads\/5-jeudi-17-novembre-5-1-1024x768.jpg\" alt=\"\" class=\"wp-image-9203\" srcset=\"https:\/\/quelaines-stemarie.fr\/wp-content\/uploads\/5-jeudi-17-novembre-5-1-1024x768.jpg 1024w, https:\/\/quelaines-stemarie.fr\/wp-content\/uploads\/5-jeudi-17-novembre-5-1-300x225.jpg 300w, https:\/\/quelaines-stemarie.fr\/wp-content\/uploads\/5-jeudi-17-novembre-5-1-768x576.jpg 768w, https:\/\/quelaines-stemarie.fr\/wp-content\/uploads\/5-jeudi-17-novembre-5-1-1536x1152.jpg 1536w, https:\/\/quelaines-stemarie.fr\/wp-content\/uploads\/5-jeudi-17-novembre-5-1-2048x1536.jpg 2048w, https:\/\/quelaines-stemarie.fr\/wp-content\/uploads\/5-jeudi-17-novembre-5-1-150x113.jpg 150w\" sizes=\"auto, (max-width: 1024px) 100vw, 1024px\" \/><\/figure>\n\n\n\n<figure class=\"wp-block-image size-large\"><img loading=\"lazy\" decoding=\"async\" width=\"1024\" height=\"768\" data-id=\"9204\" src=\"http:\/\/quelaines-stemarie.fr\/wp-content\/uploads\/5-jeudi-17-novembre-6-1-1024x768.jpg\" alt=\"\" class=\"wp-image-9204\" srcset=\"https:\/\/quelaines-stemarie.fr\/wp-content\/uploads\/5-jeudi-17-novembre-6-1-1024x768.jpg 1024w, https:\/\/quelaines-stemarie.fr\/wp-content\/uploads\/5-jeudi-17-novembre-6-1-300x225.jpg 300w, https:\/\/quelaines-stemarie.fr\/wp-content\/uploads\/5-jeudi-17-novembre-6-1-768x576.jpg 768w, https:\/\/quelaines-stemarie.fr\/wp-content\/uploads\/5-jeudi-17-novembre-6-1-1536x1152.jpg 1536w, https:\/\/quelaines-stemarie.fr\/wp-content\/uploads\/5-jeudi-17-novembre-6-1-2048x1536.jpg 2048w, https:\/\/quelaines-stemarie.fr\/wp-content\/uploads\/5-jeudi-17-novembre-6-1-150x113.jpg 150w\" sizes=\"auto, (max-width: 1024px) 100vw, 1024px\" \/><\/figure>\n\n\n\n<figure class=\"wp-block-image size-large\"><img loading=\"lazy\" decoding=\"async\" width=\"1024\" height=\"768\" data-id=\"9205\" src=\"http:\/\/quelaines-stemarie.fr\/wp-content\/uploads\/5-jeudi-17-novembre-7-1-1024x768.jpg\" alt=\"\" class=\"wp-image-9205\" srcset=\"https:\/\/quelaines-stemarie.fr\/wp-content\/uploads\/5-jeudi-17-novembre-7-1-1024x768.jpg 1024w, https:\/\/quelaines-stemarie.fr\/wp-content\/uploads\/5-jeudi-17-novembre-7-1-300x225.jpg 300w, https:\/\/quelaines-stemarie.fr\/wp-content\/uploads\/5-jeudi-17-novembre-7-1-768x576.jpg 768w, https:\/\/quelaines-stemarie.fr\/wp-content\/uploads\/5-jeudi-17-novembre-7-1-1536x1152.jpg 1536w, https:\/\/quelaines-stemarie.fr\/wp-content\/uploads\/5-jeudi-17-novembre-7-1-2048x1536.jpg 2048w, https:\/\/quelaines-stemarie.fr\/wp-content\/uploads\/5-jeudi-17-novembre-7-1-150x113.jpg 150w\" sizes=\"auto, (max-width: 1024px) 100vw, 1024px\" \/><\/figure>\n<\/figure>\n\n\n\n<ul class=\"wp-block-list\"><li><mark style=\"background-color:rgba(0, 0, 0, 0)\" class=\"has-inline-color has-vivid-red-color\">Pr\u00e9paratifs de No\u00ebl: 1- Le calendrier de l&#8217;Avent&#8230;<\/mark><\/li><\/ul>\n\n\n\n<figure class=\"wp-block-gallery has-nested-images columns-default is-cropped wp-block-gallery-2 is-layout-flex wp-block-gallery-is-layout-flex\">\n<figure class=\"wp-block-image size-large\"><img loading=\"lazy\" decoding=\"async\" width=\"653\" height=\"1024\" data-id=\"9206\" src=\"http:\/\/quelaines-stemarie.fr\/wp-content\/uploads\/7-Calendrier-Avent-et-Sapin-2-653x1024.jpg\" alt=\"\" class=\"wp-image-9206\" srcset=\"https:\/\/quelaines-stemarie.fr\/wp-content\/uploads\/7-Calendrier-Avent-et-Sapin-2-653x1024.jpg 653w, https:\/\/quelaines-stemarie.fr\/wp-content\/uploads\/7-Calendrier-Avent-et-Sapin-2-191x300.jpg 191w, https:\/\/quelaines-stemarie.fr\/wp-content\/uploads\/7-Calendrier-Avent-et-Sapin-2-768x1205.jpg 768w, https:\/\/quelaines-stemarie.fr\/wp-content\/uploads\/7-Calendrier-Avent-et-Sapin-2-979x1536.jpg 979w, https:\/\/quelaines-stemarie.fr\/wp-content\/uploads\/7-Calendrier-Avent-et-Sapin-2-1305x2048.jpg 1305w, https:\/\/quelaines-stemarie.fr\/wp-content\/uploads\/7-Calendrier-Avent-et-Sapin-2-96x150.jpg 96w, https:\/\/quelaines-stemarie.fr\/wp-content\/uploads\/7-Calendrier-Avent-et-Sapin-2-scaled.jpg 1632w\" sizes=\"auto, (max-width: 653px) 100vw, 653px\" \/><\/figure>\n\n\n\n<figure class=\"wp-block-image size-large\"><img loading=\"lazy\" decoding=\"async\" width=\"607\" height=\"1024\" data-id=\"9207\" src=\"http:\/\/quelaines-stemarie.fr\/wp-content\/uploads\/7-Calendrier-Avent-et-Sapin-3-607x1024.jpg\" alt=\"\" class=\"wp-image-9207\" srcset=\"https:\/\/quelaines-stemarie.fr\/wp-content\/uploads\/7-Calendrier-Avent-et-Sapin-3-607x1024.jpg 607w, https:\/\/quelaines-stemarie.fr\/wp-content\/uploads\/7-Calendrier-Avent-et-Sapin-3-178x300.jpg 178w, https:\/\/quelaines-stemarie.fr\/wp-content\/uploads\/7-Calendrier-Avent-et-Sapin-3-768x1295.jpg 768w, https:\/\/quelaines-stemarie.fr\/wp-content\/uploads\/7-Calendrier-Avent-et-Sapin-3-911x1536.jpg 911w, https:\/\/quelaines-stemarie.fr\/wp-content\/uploads\/7-Calendrier-Avent-et-Sapin-3-1214x2048.jpg 1214w, https:\/\/quelaines-stemarie.fr\/wp-content\/uploads\/7-Calendrier-Avent-et-Sapin-3-89x150.jpg 89w, https:\/\/quelaines-stemarie.fr\/wp-content\/uploads\/7-Calendrier-Avent-et-Sapin-3-scaled.jpg 1518w\" sizes=\"auto, (max-width: 607px) 100vw, 607px\" \/><\/figure>\n<\/figure>\n\n\n\n<ul class=\"wp-block-list\"><li><mark style=\"background-color:rgba(0, 0, 0, 0)\" class=\"has-inline-color has-vivid-red-color\">Pr\u00e9paratifs de No\u00ebl: 2- Fabrication d&#8217;une couronne&#8230;<\/mark><\/li><\/ul>\n\n\n\n<figure class=\"wp-block-gallery has-nested-images columns-default is-cropped wp-block-gallery-3 is-layout-flex wp-block-gallery-is-layout-flex\">\n<figure class=\"wp-block-image size-large\"><img loading=\"lazy\" decoding=\"async\" width=\"1024\" height=\"768\" data-id=\"9208\" src=\"http:\/\/quelaines-stemarie.fr\/wp-content\/uploads\/Activite-de-Noel-1024x768.jpg\" alt=\"\" class=\"wp-image-9208\" srcset=\"https:\/\/quelaines-stemarie.fr\/wp-content\/uploads\/Activite-de-Noel-1024x768.jpg 1024w, https:\/\/quelaines-stemarie.fr\/wp-content\/uploads\/Activite-de-Noel-300x225.jpg 300w, https:\/\/quelaines-stemarie.fr\/wp-content\/uploads\/Activite-de-Noel-768x576.jpg 768w, https:\/\/quelaines-stemarie.fr\/wp-content\/uploads\/Activite-de-Noel-1536x1152.jpg 1536w, https:\/\/quelaines-stemarie.fr\/wp-content\/uploads\/Activite-de-Noel-2048x1536.jpg 2048w, https:\/\/quelaines-stemarie.fr\/wp-content\/uploads\/Activite-de-Noel-150x113.jpg 150w\" sizes=\"auto, (max-width: 1024px) 100vw, 1024px\" \/><\/figure>\n\n\n\n<figure class=\"wp-block-image size-large\"><img loading=\"lazy\" decoding=\"async\" width=\"985\" height=\"1024\" data-id=\"9210\" src=\"http:\/\/quelaines-stemarie.fr\/wp-content\/uploads\/6-Couronne-de-Noel-1-985x1024.jpg\" alt=\"\" class=\"wp-image-9210\" srcset=\"https:\/\/quelaines-stemarie.fr\/wp-content\/uploads\/6-Couronne-de-Noel-1-985x1024.jpg 985w, https:\/\/quelaines-stemarie.fr\/wp-content\/uploads\/6-Couronne-de-Noel-1-289x300.jpg 289w, https:\/\/quelaines-stemarie.fr\/wp-content\/uploads\/6-Couronne-de-Noel-1-768x798.jpg 768w, https:\/\/quelaines-stemarie.fr\/wp-content\/uploads\/6-Couronne-de-Noel-1-1478x1536.jpg 1478w, https:\/\/quelaines-stemarie.fr\/wp-content\/uploads\/6-Couronne-de-Noel-1-1970x2048.jpg 1970w, https:\/\/quelaines-stemarie.fr\/wp-content\/uploads\/6-Couronne-de-Noel-1-144x150.jpg 144w\" sizes=\"auto, (max-width: 985px) 100vw, 985px\" \/><\/figure>\n\n\n\n<figure class=\"wp-block-image size-large\"><img loading=\"lazy\" decoding=\"async\" width=\"1024\" height=\"1012\" data-id=\"9209\" src=\"http:\/\/quelaines-stemarie.fr\/wp-content\/uploads\/6-Couronne-de-Noel-2-1024x1012.jpg\" alt=\"\" class=\"wp-image-9209\" srcset=\"https:\/\/quelaines-stemarie.fr\/wp-content\/uploads\/6-Couronne-de-Noel-2-1024x1012.jpg 1024w, https:\/\/quelaines-stemarie.fr\/wp-content\/uploads\/6-Couronne-de-Noel-2-300x296.jpg 300w, https:\/\/quelaines-stemarie.fr\/wp-content\/uploads\/6-Couronne-de-Noel-2-768x759.jpg 768w, https:\/\/quelaines-stemarie.fr\/wp-content\/uploads\/6-Couronne-de-Noel-2-1536x1518.jpg 1536w, https:\/\/quelaines-stemarie.fr\/wp-content\/uploads\/6-Couronne-de-Noel-2-2048x2023.jpg 2048w, https:\/\/quelaines-stemarie.fr\/wp-content\/uploads\/6-Couronne-de-Noel-2-150x148.jpg 150w\" sizes=\"auto, (max-width: 1024px) 100vw, 1024px\" \/><\/figure>\n<\/figure>\n\n\n\n<ul class=\"wp-block-list\"><li><mark style=\"background-color:rgba(0, 0, 0, 0)\" class=\"has-inline-color has-vivid-red-color\">Pr\u00e9paratifs de No\u00ebl: 3- R\u00e9p\u00e9titions pour l&#8217;arbre de No\u00ebl&#8230;<\/mark><\/li><\/ul>\n\n\n\n<figure class=\"wp-block-gallery has-nested-images columns-default is-cropped wp-block-gallery-4 is-layout-flex wp-block-gallery-is-layout-flex\">\n<figure class=\"wp-block-image size-large\"><img loading=\"lazy\" decoding=\"async\" width=\"1024\" height=\"661\" data-id=\"9212\" src=\"http:\/\/quelaines-stemarie.fr\/wp-content\/uploads\/Derniere-repetition-7-1024x661.jpg\" alt=\"\" class=\"wp-image-9212\" srcset=\"https:\/\/quelaines-stemarie.fr\/wp-content\/uploads\/Derniere-repetition-7-1024x661.jpg 1024w, https:\/\/quelaines-stemarie.fr\/wp-content\/uploads\/Derniere-repetition-7-300x194.jpg 300w, https:\/\/quelaines-stemarie.fr\/wp-content\/uploads\/Derniere-repetition-7-768x496.jpg 768w, https:\/\/quelaines-stemarie.fr\/wp-content\/uploads\/Derniere-repetition-7-1536x992.jpg 1536w, https:\/\/quelaines-stemarie.fr\/wp-content\/uploads\/Derniere-repetition-7-150x97.jpg 150w, https:\/\/quelaines-stemarie.fr\/wp-content\/uploads\/Derniere-repetition-7.jpg 1850w\" sizes=\"auto, (max-width: 1024px) 100vw, 1024px\" \/><\/figure>\n\n\n\n<figure class=\"wp-block-image size-large\"><img loading=\"lazy\" decoding=\"async\" width=\"1024\" height=\"523\" data-id=\"9213\" src=\"http:\/\/quelaines-stemarie.fr\/wp-content\/uploads\/Derniere-repetition-8-1024x523.jpg\" alt=\"\" class=\"wp-image-9213\" srcset=\"https:\/\/quelaines-stemarie.fr\/wp-content\/uploads\/Derniere-repetition-8-1024x523.jpg 1024w, https:\/\/quelaines-stemarie.fr\/wp-content\/uploads\/Derniere-repetition-8-300x153.jpg 300w, https:\/\/quelaines-stemarie.fr\/wp-content\/uploads\/Derniere-repetition-8-768x392.jpg 768w, https:\/\/quelaines-stemarie.fr\/wp-content\/uploads\/Derniere-repetition-8-1536x785.jpg 1536w, https:\/\/quelaines-stemarie.fr\/wp-content\/uploads\/Derniere-repetition-8-150x77.jpg 150w, https:\/\/quelaines-stemarie.fr\/wp-content\/uploads\/Derniere-repetition-8.jpg 2016w\" sizes=\"auto, (max-width: 1024px) 100vw, 1024px\" \/><\/figure>\n\n\n\n<figure class=\"wp-block-image size-large\"><img loading=\"lazy\" decoding=\"async\" width=\"1024\" height=\"643\" data-id=\"9211\" src=\"http:\/\/quelaines-stemarie.fr\/wp-content\/uploads\/Derniere-repetition-9-1024x643.jpg\" alt=\"\" class=\"wp-image-9211\" srcset=\"https:\/\/quelaines-stemarie.fr\/wp-content\/uploads\/Derniere-repetition-9-1024x643.jpg 1024w, https:\/\/quelaines-stemarie.fr\/wp-content\/uploads\/Derniere-repetition-9-300x188.jpg 300w, https:\/\/quelaines-stemarie.fr\/wp-content\/uploads\/Derniere-repetition-9-768x482.jpg 768w, https:\/\/quelaines-stemarie.fr\/wp-content\/uploads\/Derniere-repetition-9-1536x964.jpg 1536w, https:\/\/quelaines-stemarie.fr\/wp-content\/uploads\/Derniere-repetition-9-150x94.jpg 150w, https:\/\/quelaines-stemarie.fr\/wp-content\/uploads\/Derniere-repetition-9-318x201.jpg 318w, https:\/\/quelaines-stemarie.fr\/wp-content\/uploads\/Derniere-repetition-9.jpg 2016w\" sizes=\"auto, (max-width: 1024px) 100vw, 1024px\" \/><\/figure>\n<\/figure>\n\n\n\n<figure class=\"wp-block-gallery has-nested-images columns-default is-cropped wp-block-gallery-5 is-layout-flex wp-block-gallery-is-layout-flex\">\n<figure class=\"wp-block-image size-large\"><img loading=\"lazy\" decoding=\"async\" width=\"1024\" height=\"482\" data-id=\"9216\" src=\"http:\/\/quelaines-stemarie.fr\/wp-content\/uploads\/Derniere-repetition-10-1024x482.jpg\" alt=\"\" class=\"wp-image-9216\" srcset=\"https:\/\/quelaines-stemarie.fr\/wp-content\/uploads\/Derniere-repetition-10-1024x482.jpg 1024w, https:\/\/quelaines-stemarie.fr\/wp-content\/uploads\/Derniere-repetition-10-300x141.jpg 300w, https:\/\/quelaines-stemarie.fr\/wp-content\/uploads\/Derniere-repetition-10-768x362.jpg 768w, https:\/\/quelaines-stemarie.fr\/wp-content\/uploads\/Derniere-repetition-10-1536x723.jpg 1536w, https:\/\/quelaines-stemarie.fr\/wp-content\/uploads\/Derniere-repetition-10-150x71.jpg 150w, https:\/\/quelaines-stemarie.fr\/wp-content\/uploads\/Derniere-repetition-10.jpg 2016w\" sizes=\"auto, (max-width: 1024px) 100vw, 1024px\" \/><\/figure>\n\n\n\n<figure class=\"wp-block-image size-large\"><img loading=\"lazy\" decoding=\"async\" width=\"1024\" height=\"661\" data-id=\"9215\" src=\"http:\/\/quelaines-stemarie.fr\/wp-content\/uploads\/Derniere-repetition-13-1024x661.jpg\" alt=\"\" class=\"wp-image-9215\" srcset=\"https:\/\/quelaines-stemarie.fr\/wp-content\/uploads\/Derniere-repetition-13-1024x661.jpg 1024w, https:\/\/quelaines-stemarie.fr\/wp-content\/uploads\/Derniere-repetition-13-300x194.jpg 300w, https:\/\/quelaines-stemarie.fr\/wp-content\/uploads\/Derniere-repetition-13-768x496.jpg 768w, https:\/\/quelaines-stemarie.fr\/wp-content\/uploads\/Derniere-repetition-13-1536x992.jpg 1536w, https:\/\/quelaines-stemarie.fr\/wp-content\/uploads\/Derniere-repetition-13-150x97.jpg 150w, https:\/\/quelaines-stemarie.fr\/wp-content\/uploads\/Derniere-repetition-13.jpg 2016w\" sizes=\"auto, (max-width: 1024px) 100vw, 1024px\" \/><\/figure>\n\n\n\n<figure class=\"wp-block-image size-large\"><img loading=\"lazy\" decoding=\"async\" width=\"1024\" height=\"762\" data-id=\"9214\" src=\"http:\/\/quelaines-stemarie.fr\/wp-content\/uploads\/Derniere-repetition-15-1024x762.jpg\" alt=\"\" class=\"wp-image-9214\" srcset=\"https:\/\/quelaines-stemarie.fr\/wp-content\/uploads\/Derniere-repetition-15-1024x762.jpg 1024w, https:\/\/quelaines-stemarie.fr\/wp-content\/uploads\/Derniere-repetition-15-300x223.jpg 300w, https:\/\/quelaines-stemarie.fr\/wp-content\/uploads\/Derniere-repetition-15-768x571.jpg 768w, https:\/\/quelaines-stemarie.fr\/wp-content\/uploads\/Derniere-repetition-15-150x112.jpg 150w, https:\/\/quelaines-stemarie.fr\/wp-content\/uploads\/Derniere-repetition-15.jpg 1485w\" sizes=\"auto, (max-width: 1024px) 100vw, 1024px\" \/><\/figure>\n<\/figure>\n\n\n\n<ul class=\"wp-block-list\"><li><mark style=\"background-color:rgba(0, 0, 0, 0)\" class=\"has-inline-color has-vivid-red-color\">L&#8217;Arbre de No\u00ebl, samedi 10 d\u00e9cembre&#8230;<\/mark><\/li><\/ul>\n\n\n\n<figure class=\"wp-block-gallery has-nested-images columns-default is-cropped wp-block-gallery-6 is-layout-flex wp-block-gallery-is-layout-flex\">\n<figure class=\"wp-block-image size-large\"><img loading=\"lazy\" decoding=\"async\" width=\"1024\" height=\"611\" data-id=\"9217\" src=\"http:\/\/quelaines-stemarie.fr\/wp-content\/uploads\/La-danse-des-lutins-et-Dans-ma-boite-a-musique-2-1024x611.jpg\" alt=\"\" class=\"wp-image-9217\" srcset=\"https:\/\/quelaines-stemarie.fr\/wp-content\/uploads\/La-danse-des-lutins-et-Dans-ma-boite-a-musique-2-1024x611.jpg 1024w, https:\/\/quelaines-stemarie.fr\/wp-content\/uploads\/La-danse-des-lutins-et-Dans-ma-boite-a-musique-2-300x179.jpg 300w, https:\/\/quelaines-stemarie.fr\/wp-content\/uploads\/La-danse-des-lutins-et-Dans-ma-boite-a-musique-2-768x458.jpg 768w, https:\/\/quelaines-stemarie.fr\/wp-content\/uploads\/La-danse-des-lutins-et-Dans-ma-boite-a-musique-2-1536x916.jpg 1536w, https:\/\/quelaines-stemarie.fr\/wp-content\/uploads\/La-danse-des-lutins-et-Dans-ma-boite-a-musique-2-250x150.jpg 250w, https:\/\/quelaines-stemarie.fr\/wp-content\/uploads\/La-danse-des-lutins-et-Dans-ma-boite-a-musique-2-150x89.jpg 150w, https:\/\/quelaines-stemarie.fr\/wp-content\/uploads\/La-danse-des-lutins-et-Dans-ma-boite-a-musique-2.jpg 2016w\" sizes=\"auto, (max-width: 1024px) 100vw, 1024px\" \/><\/figure>\n\n\n\n<figure class=\"wp-block-image size-large\"><img loading=\"lazy\" decoding=\"async\" width=\"1024\" height=\"659\" data-id=\"9219\" src=\"http:\/\/quelaines-stemarie.fr\/wp-content\/uploads\/La-danse-des-lutins-et-Dans-ma-boite-a-musique-3-1024x659.jpg\" alt=\"\" class=\"wp-image-9219\" srcset=\"https:\/\/quelaines-stemarie.fr\/wp-content\/uploads\/La-danse-des-lutins-et-Dans-ma-boite-a-musique-3-1024x659.jpg 1024w, https:\/\/quelaines-stemarie.fr\/wp-content\/uploads\/La-danse-des-lutins-et-Dans-ma-boite-a-musique-3-300x193.jpg 300w, https:\/\/quelaines-stemarie.fr\/wp-content\/uploads\/La-danse-des-lutins-et-Dans-ma-boite-a-musique-3-768x494.jpg 768w, https:\/\/quelaines-stemarie.fr\/wp-content\/uploads\/La-danse-des-lutins-et-Dans-ma-boite-a-musique-3-1536x988.jpg 1536w, https:\/\/quelaines-stemarie.fr\/wp-content\/uploads\/La-danse-des-lutins-et-Dans-ma-boite-a-musique-3-150x97.jpg 150w, https:\/\/quelaines-stemarie.fr\/wp-content\/uploads\/La-danse-des-lutins-et-Dans-ma-boite-a-musique-3.jpg 1845w\" sizes=\"auto, (max-width: 1024px) 100vw, 1024px\" \/><\/figure>\n\n\n\n<figure class=\"wp-block-image size-large\"><img loading=\"lazy\" decoding=\"async\" width=\"1024\" height=\"674\" data-id=\"9218\" src=\"http:\/\/quelaines-stemarie.fr\/wp-content\/uploads\/La-danse-des-lutins-et-Dans-ma-boite-a-musique-9-1024x674.jpg\" alt=\"\" class=\"wp-image-9218\" srcset=\"https:\/\/quelaines-stemarie.fr\/wp-content\/uploads\/La-danse-des-lutins-et-Dans-ma-boite-a-musique-9-1024x674.jpg 1024w, https:\/\/quelaines-stemarie.fr\/wp-content\/uploads\/La-danse-des-lutins-et-Dans-ma-boite-a-musique-9-300x197.jpg 300w, https:\/\/quelaines-stemarie.fr\/wp-content\/uploads\/La-danse-des-lutins-et-Dans-ma-boite-a-musique-9-768x505.jpg 768w, https:\/\/quelaines-stemarie.fr\/wp-content\/uploads\/La-danse-des-lutins-et-Dans-ma-boite-a-musique-9-1536x1010.jpg 1536w, https:\/\/quelaines-stemarie.fr\/wp-content\/uploads\/La-danse-des-lutins-et-Dans-ma-boite-a-musique-9-150x99.jpg 150w, https:\/\/quelaines-stemarie.fr\/wp-content\/uploads\/La-danse-des-lutins-et-Dans-ma-boite-a-musique-9.jpg 1847w\" sizes=\"auto, (max-width: 1024px) 100vw, 1024px\" \/><\/figure>\n<\/figure>\n\n\n\n<figure class=\"wp-block-image size-large\"><img loading=\"lazy\" decoding=\"async\" width=\"1024\" height=\"771\" src=\"http:\/\/quelaines-stemarie.fr\/wp-content\/uploads\/Chant-final-1-1024x771.jpg\" alt=\"\" class=\"wp-image-9220\" srcset=\"https:\/\/quelaines-stemarie.fr\/wp-content\/uploads\/Chant-final-1-1024x771.jpg 1024w, https:\/\/quelaines-stemarie.fr\/wp-content\/uploads\/Chant-final-1-300x226.jpg 300w, https:\/\/quelaines-stemarie.fr\/wp-content\/uploads\/Chant-final-1-768x578.jpg 768w, https:\/\/quelaines-stemarie.fr\/wp-content\/uploads\/Chant-final-1-1536x1156.jpg 1536w, https:\/\/quelaines-stemarie.fr\/wp-content\/uploads\/Chant-final-1-150x113.jpg 150w, https:\/\/quelaines-stemarie.fr\/wp-content\/uploads\/Chant-final-1.jpg 1600w\" sizes=\"auto, (max-width: 1024px) 100vw, 1024px\" \/><\/figure>\n\n\n\n<ul class=\"wp-block-list\"><li><mark style=\"background-color:rgba(0, 0, 0, 0)\" class=\"has-inline-color has-vivid-red-color\">C\u00e9l\u00e9bration de No\u00ebl, jeudi 15 d\u00e9cembre&#8230;<\/mark><\/li><\/ul>\n\n\n\n<figure class=\"wp-block-gallery has-nested-images columns-default is-cropped wp-block-gallery-7 is-layout-flex wp-block-gallery-is-layout-flex\">\n<figure class=\"wp-block-image size-large\"><img loading=\"lazy\" decoding=\"async\" width=\"1024\" height=\"771\" data-id=\"9227\" src=\"http:\/\/quelaines-stemarie.fr\/wp-content\/uploads\/Celebration-Noel-1-1024x771.jpg\" alt=\"\" class=\"wp-image-9227\" srcset=\"https:\/\/quelaines-stemarie.fr\/wp-content\/uploads\/Celebration-Noel-1-1024x771.jpg 1024w, https:\/\/quelaines-stemarie.fr\/wp-content\/uploads\/Celebration-Noel-1-300x226.jpg 300w, https:\/\/quelaines-stemarie.fr\/wp-content\/uploads\/Celebration-Noel-1-768x578.jpg 768w, https:\/\/quelaines-stemarie.fr\/wp-content\/uploads\/Celebration-Noel-1-1536x1156.jpg 1536w, https:\/\/quelaines-stemarie.fr\/wp-content\/uploads\/Celebration-Noel-1-150x113.jpg 150w, https:\/\/quelaines-stemarie.fr\/wp-content\/uploads\/Celebration-Noel-1.jpg 1600w\" sizes=\"auto, (max-width: 1024px) 100vw, 1024px\" \/><\/figure>\n\n\n\n<figure class=\"wp-block-image size-large\"><img loading=\"lazy\" decoding=\"async\" width=\"1024\" height=\"771\" data-id=\"9229\" src=\"http:\/\/quelaines-stemarie.fr\/wp-content\/uploads\/Celebration-Noel-2-1024x771.jpg\" alt=\"\" class=\"wp-image-9229\" srcset=\"https:\/\/quelaines-stemarie.fr\/wp-content\/uploads\/Celebration-Noel-2-1024x771.jpg 1024w, https:\/\/quelaines-stemarie.fr\/wp-content\/uploads\/Celebration-Noel-2-300x226.jpg 300w, https:\/\/quelaines-stemarie.fr\/wp-content\/uploads\/Celebration-Noel-2-768x578.jpg 768w, https:\/\/quelaines-stemarie.fr\/wp-content\/uploads\/Celebration-Noel-2-1536x1156.jpg 1536w, https:\/\/quelaines-stemarie.fr\/wp-content\/uploads\/Celebration-Noel-2-150x113.jpg 150w, https:\/\/quelaines-stemarie.fr\/wp-content\/uploads\/Celebration-Noel-2.jpg 1600w\" sizes=\"auto, (max-width: 1024px) 100vw, 1024px\" \/><\/figure>\n\n\n\n<figure class=\"wp-block-image size-large\"><img loading=\"lazy\" decoding=\"async\" width=\"1024\" height=\"768\" data-id=\"9228\" src=\"http:\/\/quelaines-stemarie.fr\/wp-content\/uploads\/Celebration-Noel-3-1024x768.jpg\" alt=\"\" class=\"wp-image-9228\" srcset=\"https:\/\/quelaines-stemarie.fr\/wp-content\/uploads\/Celebration-Noel-3-1024x768.jpg 1024w, https:\/\/quelaines-stemarie.fr\/wp-content\/uploads\/Celebration-Noel-3-300x225.jpg 300w, https:\/\/quelaines-stemarie.fr\/wp-content\/uploads\/Celebration-Noel-3-768x576.jpg 768w, https:\/\/quelaines-stemarie.fr\/wp-content\/uploads\/Celebration-Noel-3-1536x1152.jpg 1536w, https:\/\/quelaines-stemarie.fr\/wp-content\/uploads\/Celebration-Noel-3-150x113.jpg 150w, https:\/\/quelaines-stemarie.fr\/wp-content\/uploads\/Celebration-Noel-3.jpg 1600w\" sizes=\"auto, (max-width: 1024px) 100vw, 1024px\" \/><\/figure>\n<\/figure>\n\n\n\n<ul class=\"wp-block-list\"><li><mark style=\"background-color:rgba(0, 0, 0, 0)\" class=\"has-inline-color has-vivid-red-color\">Les anniversaires&#8230;<\/mark><\/li><\/ul>\n\n\n\n<figure class=\"wp-block-gallery has-nested-images columns-default is-cropped wp-block-gallery-8 is-layout-flex wp-block-gallery-is-layout-flex\">\n<figure class=\"wp-block-image size-large\"><img loading=\"lazy\" decoding=\"async\" width=\"870\" height=\"1024\" data-id=\"9226\" src=\"http:\/\/quelaines-stemarie.fr\/wp-content\/uploads\/3-Milio-4-ans-le-17-nov-1-870x1024.jpg\" alt=\"\" class=\"wp-image-9226\" srcset=\"https:\/\/quelaines-stemarie.fr\/wp-content\/uploads\/3-Milio-4-ans-le-17-nov-1-870x1024.jpg 870w, https:\/\/quelaines-stemarie.fr\/wp-content\/uploads\/3-Milio-4-ans-le-17-nov-1-255x300.jpg 255w, https:\/\/quelaines-stemarie.fr\/wp-content\/uploads\/3-Milio-4-ans-le-17-nov-1-768x904.jpg 768w, https:\/\/quelaines-stemarie.fr\/wp-content\/uploads\/3-Milio-4-ans-le-17-nov-1-1305x1536.jpg 1305w, https:\/\/quelaines-stemarie.fr\/wp-content\/uploads\/3-Milio-4-ans-le-17-nov-1-1740x2048.jpg 1740w, https:\/\/quelaines-stemarie.fr\/wp-content\/uploads\/3-Milio-4-ans-le-17-nov-1-127x150.jpg 127w\" sizes=\"auto, (max-width: 870px) 100vw, 870px\" \/><figcaption>Milio 4 ans le 17 novembre<\/figcaption><\/figure>\n\n\n\n<figure class=\"wp-block-image size-large\"><img loading=\"lazy\" decoding=\"async\" width=\"768\" height=\"1024\" data-id=\"9222\" src=\"http:\/\/quelaines-stemarie.fr\/wp-content\/uploads\/4-Emma-3-ans-le-22-nov-768x1024.jpg\" alt=\"\" class=\"wp-image-9222\" srcset=\"https:\/\/quelaines-stemarie.fr\/wp-content\/uploads\/4-Emma-3-ans-le-22-nov-768x1024.jpg 768w, https:\/\/quelaines-stemarie.fr\/wp-content\/uploads\/4-Emma-3-ans-le-22-nov-225x300.jpg 225w, https:\/\/quelaines-stemarie.fr\/wp-content\/uploads\/4-Emma-3-ans-le-22-nov-1152x1536.jpg 1152w, https:\/\/quelaines-stemarie.fr\/wp-content\/uploads\/4-Emma-3-ans-le-22-nov-1536x2048.jpg 1536w, https:\/\/quelaines-stemarie.fr\/wp-content\/uploads\/4-Emma-3-ans-le-22-nov-113x150.jpg 113w, https:\/\/quelaines-stemarie.fr\/wp-content\/uploads\/4-Emma-3-ans-le-22-nov-scaled.jpg 1920w\" sizes=\"auto, (max-width: 768px) 100vw, 768px\" \/><figcaption>Emma 3 ans le 22 novembre<\/figcaption><\/figure>\n\n\n\n<figure class=\"wp-block-image size-large\"><img loading=\"lazy\" decoding=\"async\" width=\"699\" height=\"1024\" data-id=\"9221\" src=\"http:\/\/quelaines-stemarie.fr\/wp-content\/uploads\/5-Liya-3-ans-le-10-dec-699x1024.jpg\" alt=\"\" class=\"wp-image-9221\" srcset=\"https:\/\/quelaines-stemarie.fr\/wp-content\/uploads\/5-Liya-3-ans-le-10-dec-699x1024.jpg 699w, https:\/\/quelaines-stemarie.fr\/wp-content\/uploads\/5-Liya-3-ans-le-10-dec-205x300.jpg 205w, https:\/\/quelaines-stemarie.fr\/wp-content\/uploads\/5-Liya-3-ans-le-10-dec-768x1126.jpg 768w, https:\/\/quelaines-stemarie.fr\/wp-content\/uploads\/5-Liya-3-ans-le-10-dec-1048x1536.jpg 1048w, https:\/\/quelaines-stemarie.fr\/wp-content\/uploads\/5-Liya-3-ans-le-10-dec-1397x2048.jpg 1397w, https:\/\/quelaines-stemarie.fr\/wp-content\/uploads\/5-Liya-3-ans-le-10-dec-102x150.jpg 102w, https:\/\/quelaines-stemarie.fr\/wp-content\/uploads\/5-Liya-3-ans-le-10-dec-scaled.jpg 1747w\" sizes=\"auto, (max-width: 699px) 100vw, 699px\" \/><figcaption>L\u00efya 3 ans le 10 d\u00e9cembre<\/figcaption><\/figure>\n\n\n\n<figure class=\"wp-block-image size-large\"><img loading=\"lazy\" decoding=\"async\" width=\"658\" height=\"1024\" data-id=\"9223\" src=\"http:\/\/quelaines-stemarie.fr\/wp-content\/uploads\/6-Constance-3-ans-le-16-dec-658x1024.jpg\" alt=\"\" class=\"wp-image-9223\" srcset=\"https:\/\/quelaines-stemarie.fr\/wp-content\/uploads\/6-Constance-3-ans-le-16-dec-658x1024.jpg 658w, https:\/\/quelaines-stemarie.fr\/wp-content\/uploads\/6-Constance-3-ans-le-16-dec-193x300.jpg 193w, https:\/\/quelaines-stemarie.fr\/wp-content\/uploads\/6-Constance-3-ans-le-16-dec-768x1196.jpg 768w, https:\/\/quelaines-stemarie.fr\/wp-content\/uploads\/6-Constance-3-ans-le-16-dec-987x1536.jpg 987w, https:\/\/quelaines-stemarie.fr\/wp-content\/uploads\/6-Constance-3-ans-le-16-dec-1315x2048.jpg 1315w, https:\/\/quelaines-stemarie.fr\/wp-content\/uploads\/6-Constance-3-ans-le-16-dec-96x150.jpg 96w, https:\/\/quelaines-stemarie.fr\/wp-content\/uploads\/6-Constance-3-ans-le-16-dec-scaled.jpg 1644w\" sizes=\"auto, (max-width: 658px) 100vw, 658px\" \/><figcaption>Constance 3 ans le 16 d\u00e9cembre<\/figcaption><\/figure>\n\n\n\n<figure class=\"wp-block-image size-large\"><img loading=\"lazy\" decoding=\"async\" width=\"666\" height=\"1024\" data-id=\"9224\" src=\"http:\/\/quelaines-stemarie.fr\/wp-content\/uploads\/7-Chloe-4-ans-le-17-dec-666x1024.jpg\" alt=\"\" class=\"wp-image-9224\" srcset=\"https:\/\/quelaines-stemarie.fr\/wp-content\/uploads\/7-Chloe-4-ans-le-17-dec-666x1024.jpg 666w, https:\/\/quelaines-stemarie.fr\/wp-content\/uploads\/7-Chloe-4-ans-le-17-dec-195x300.jpg 195w, https:\/\/quelaines-stemarie.fr\/wp-content\/uploads\/7-Chloe-4-ans-le-17-dec-768x1182.jpg 768w, https:\/\/quelaines-stemarie.fr\/wp-content\/uploads\/7-Chloe-4-ans-le-17-dec-998x1536.jpg 998w, https:\/\/quelaines-stemarie.fr\/wp-content\/uploads\/7-Chloe-4-ans-le-17-dec-1331x2048.jpg 1331w, https:\/\/quelaines-stemarie.fr\/wp-content\/uploads\/7-Chloe-4-ans-le-17-dec-97x150.jpg 97w, https:\/\/quelaines-stemarie.fr\/wp-content\/uploads\/7-Chloe-4-ans-le-17-dec-scaled.jpg 1664w\" sizes=\"auto, (max-width: 666px) 100vw, 666px\" \/><figcaption>Chlo\u00e9 4 ans le 17 d\u00e9cembre<\/figcaption><\/figure>\n<\/figure>\n","protected":false},"excerpt":{"rendered":"<p>Au cours de cette deuxi\u00e8me p\u00e9riode: Derni\u00e8res s\u00e9ances de musique avec Anne DUGUE. Nous avons notamment appris la chanson pour l&#8217;arbre de No\u00ebl: &#8220;Dans ma bo\u00eete \u00e0 musique&#8221;, travail avec les instruments \u00e0 percussion. Pr\u00e9paratifs de No\u00ebl: 1- Le calendrier de l&#8217;Avent&#8230; Pr\u00e9paratifs de No\u00ebl: 2- Fabrication d&#8217;une couronne&#8230; Pr\u00e9paratifs\u2026<\/p>\n<p class=\"continue-reading-button\"> <a class=\"continue-reading-link\" href=\"https:\/\/quelaines-stemarie.fr\/index.php\/2022\/12\/23\/periode-2-tps-ps-ms\/\">Lire la suite&#8230;<i class=\"crycon-right-dir\"><\/i><\/a><\/p>\n","protected":false},"author":1,"featured_media":0,"comment_status":"closed","ping_status":"closed","sticky":false,"template":"","format":"standard","meta":{"footnotes":""},"categories":[10,92],"tags":[],"class_list":["post-9194","post","type-post","status-publish","format-standard","hentry","category-cat-actualites","category-ps-ms-de-sylvie"],"_links":{"self":[{"href":"https:\/\/quelaines-stemarie.fr\/index.php\/wp-json\/wp\/v2\/posts\/9194","targetHints":{"allow":["GET"]}}],"collection":[{"href":"https:\/\/quelaines-stemarie.fr\/index.php\/wp-json\/wp\/v2\/posts"}],"about":[{"href":"https:\/\/quelaines-stemarie.fr\/index.php\/wp-json\/wp\/v2\/types\/post"}],"author":[{"embeddable":true,"href":"https:\/\/quelaines-stemarie.fr\/index.php\/wp-json\/wp\/v2\/users\/1"}],"replies":[{"embeddable":true,"href":"https:\/\/quelaines-stemarie.fr\/index.php\/wp-json\/wp\/v2\/comments?post=9194"}],"version-history":[{"count":1,"href":"https:\/\/quelaines-stemarie.fr\/index.php\/wp-json\/wp\/v2\/posts\/9194\/revisions"}],"predecessor-version":[{"id":9230,"href":"https:\/\/quelaines-stemarie.fr\/index.php\/wp-json\/wp\/v2\/posts\/9194\/revisions\/9230"}],"wp:attachment":[{"href":"https:\/\/quelaines-stemarie.fr\/index.php\/wp-json\/wp\/v2\/media?parent=9194"}],"wp:term":[{"taxonomy":"category","embeddable":true,"href":"https:\/\/quelaines-stemarie.fr\/index.php\/wp-json\/wp\/v2\/categories?post=9194"},{"taxonomy":"post_tag","embeddable":true,"href":"https:\/\/quelaines-stemarie.fr\/index.php\/wp-json\/wp\/v2\/tags?post=9194"}],"curies":[{"name":"wp","href":"https:\/\/api.w.org\/{rel}","templated":true}]}}